{"id":10859,"date":"2020-04-11T13:30:06","date_gmt":"2020-04-11T11:30:06","guid":{"rendered":"http:\/\/www.horda-azzuro.de\/cms\/?p=10859"},"modified":"2020-04-11T13:30:06","modified_gmt":"2020-04-11T11:30:06","slug":"fcc-fans-helfen-woche-2","status":"publish","type":"post","link":"https:\/\/www.horda-azzuro.de\/cms\/?p=10859","title":{"rendered":"FCC-FANS HELFEN! Woche 2"},"content":{"rendered":"\n<p>Hallo Zeissfans,<br><br>am Gr\u00fcndonnerstag, und damit p\u00fcnktlich vor Ostern, konnten wir eine zweite gro\u00dfe Bestellung an Lebensmitteln im Gro\u00dfmarkt abholen welche dann sofort auf die Tafeln der Regionen des FCC-Einzugsgebietes verteilt wurden. Beliefert wurden diesmal die Tafeln in Gera, Kahla, Stadtroda, Apolda, Saalfeld, Rudolstadt, P\u00f6\u00dfneck, Weimar, Blankenhain, Schleiz und Wei\u00dfenfels wobei alle Tafeln der Region, also auch die Tafeln in Naumburg, Greiz, Weida, Hermsdorf, Eisenberg und Jena zus\u00e4tzlich einen Tankgutschein bekommen haben.<br>M\u00f6glich wurde dies, weil ihr flei\u00dfig weiter gespendet habt, wof\u00fcr wir uns im Namen der Tafeln recht herzlich bedanken wollen. Mittlerweile 133 Spendende lie\u00dfen den Gesamtspendenbetrag auf 7012,19\u20ac anwachsen! <br>Die Tafeln sind jetzt vor allem beeindruckt, dass unser Engagement anh\u00e4lt und wir weiter am Ball bleiben. Und genau das haben wir uns auch auf die Fahnen des Projektes \u201eFCC-FANS HELFEN \u2013 S\u00dcDKURVE GEHT VORAN!\u201c geschrieben. Jetzt ist langer Atem gefragt, und daher sind wir der Meinung, dass da durchaus noch deutlich mehr geht. Die Anzahl der Spendenden wollen wir nun versuchen alle zusammen noch zu erh\u00f6hen. <br>Dazu tr\u00e4gt sicherlich auch die positive Berichterstattung \u00fcber die Aktion in den lokalen Medien bei, man m\u00f6chte fast meinen die einzig positiven News aus dem FCC-Umfeld zur Zeit. Also nehmt euer Herz in die Hand und unterst\u00fctzt diejenigen, die es gerade jetzt am N\u00f6tigsten haben.<br>Wir tun dies zum Beispiel auch, in dem wir in Jena in Zusammenarbeit mit dem DRK und dem Team vom foodsharing Jena die Bed\u00fcrftigen zu Hause beliefern, die sonst die Hilfe der Jenaer Tafel in Anspruch genommen haben. Dies ist zur Zeit leider nicht m\u00f6glich, sodass der Fahrdienst dringend notwendig ist und von Aktivisten der S\u00fcdkurve Tag f\u00fcr Tag solidarisch durchgef\u00fchrt wird.<br>Allen Helfenden, Spendenden und Aktivisten gilt unser Dank!<br>Solidarit\u00e4t ist unsere Waffe gegen das Virus! Gemeinsam kann uns keiner bezwingen!<\/p>\n\n\n\n<figure class=\"wp-block-image size-large\"><img loading=\"lazy\" decoding=\"async\" width=\"979\" height=\"633\" src=\"http:\/\/www.horda-azzuro.de\/cms\/wp-content\/uploads\/2020\/04\/fccfanshelfendiagramm2.jpg\" alt=\"\" class=\"wp-image-10860\" srcset=\"https:\/\/www.horda-azzuro.de\/cms\/wp-content\/uploads\/2020\/04\/fccfanshelfendiagramm2.jpg 979w, https:\/\/www.horda-azzuro.de\/cms\/wp-content\/uploads\/2020\/04\/fccfanshelfendiagramm2-300x194.jpg 300w, https:\/\/www.horda-azzuro.de\/cms\/wp-content\/uploads\/2020\/04\/fccfanshelfendiagramm2-768x497.jpg 768w, https:\/\/www.horda-azzuro.de\/cms\/wp-content\/uploads\/2020\/04\/fccfanshelfendiagramm2-400x259.jpg 400w, https:\/\/www.horda-azzuro.de\/cms\/wp-content\/uploads\/2020\/04\/fccfanshelfendiagramm2-800x517.jpg 800w\" sizes=\"auto, (max-width: 979px) 100vw, 979px\" \/><\/figure>\n\n\n\nngg_shortcode_0_placeholder\n\n\n\n<p><br><strong><br>Greiz<\/strong><\/p>\n\n\n\n<figure class=\"wp-block-image size-large\"><img loading=\"lazy\" decoding=\"async\" width=\"1024\" height=\"768\" src=\"http:\/\/www.horda-azzuro.de\/cms\/wp-content\/uploads\/2020\/04\/IMG_6602-1024x768.jpg\" alt=\"\" class=\"wp-image-10875\" srcset=\"https:\/\/www.horda-azzuro.de\/cms\/wp-content\/uploads\/2020\/04\/IMG_6602-1024x768.jpg 1024w, https:\/\/www.horda-azzuro.de\/cms\/wp-content\/uploads\/2020\/04\/IMG_6602-300x225.jpg 300w, https:\/\/www.horda-azzuro.de\/cms\/wp-content\/uploads\/2020\/04\/IMG_6602-768x576.jpg 768w, https:\/\/www.horda-azzuro.de\/cms\/wp-content\/uploads\/2020\/04\/IMG_6602-1536x1152.jpg 1536w, https:\/\/www.horda-azzuro.de\/cms\/wp-content\/uploads\/2020\/04\/IMG_6602-2048x1536.jpg 2048w, https:\/\/www.horda-azzuro.de\/cms\/wp-content\/uploads\/2020\/04\/IMG_6602-1870x1403.jpg 1870w, https:\/\/www.horda-azzuro.de\/cms\/wp-content\/uploads\/2020\/04\/IMG_6602-400x300.jpg 400w, https:\/\/www.horda-azzuro.de\/cms\/wp-content\/uploads\/2020\/04\/IMG_6602-800x600.jpg 800w\" sizes=\"auto, (max-width: 1024px) 100vw, 1024px\" \/><\/figure>\n\n\n\n<p><br><br><strong>Stadtroda<\/strong><\/p>\n\n\n\n<figure class=\"wp-block-gallery columns-1 is-cropped wp-block-gallery-1 is-layout-flex wp-block-gallery-is-layout-flex\"><ul class=\"blocks-gallery-grid\"><li class=\"blocks-gallery-item\"><figure><img loading=\"lazy\" decoding=\"async\" width=\"1024\" height=\"576\" src=\"http:\/\/www.horda-azzuro.de\/cms\/wp-content\/uploads\/2020\/04\/DSC_1704-1024x576.jpg\" alt=\"\" data-id=\"10876\" data-full-url=\"http:\/\/www.horda-azzuro.de\/cms\/wp-content\/uploads\/2020\/04\/DSC_1704.jpg\" data-link=\"http:\/\/www.horda-azzuro.de\/cms\/?attachment_id=10876\" class=\"wp-image-10876\" srcset=\"https:\/\/www.horda-azzuro.de\/cms\/wp-content\/uploads\/2020\/04\/DSC_1704-1024x576.jpg 1024w, https:\/\/www.horda-azzuro.de\/cms\/wp-content\/uploads\/2020\/04\/DSC_1704-300x169.jpg 300w, https:\/\/www.horda-azzuro.de\/cms\/wp-content\/uploads\/2020\/04\/DSC_1704-768x432.jpg 768w, https:\/\/www.horda-azzuro.de\/cms\/wp-content\/uploads\/2020\/04\/DSC_1704-1536x864.jpg 1536w, https:\/\/www.horda-azzuro.de\/cms\/wp-content\/uploads\/2020\/04\/DSC_1704-2048x1152.jpg 2048w, https:\/\/www.horda-azzuro.de\/cms\/wp-content\/uploads\/2020\/04\/DSC_1704-1870x1052.jpg 1870w, https:\/\/www.horda-azzuro.de\/cms\/wp-content\/uploads\/2020\/04\/DSC_1704-400x225.jpg 400w, https:\/\/www.horda-azzuro.de\/cms\/wp-content\/uploads\/2020\/04\/DSC_1704-800x450.jpg 800w\" sizes=\"auto, (max-width: 1024px) 100vw, 1024px\" \/><\/figure><\/li><\/ul><\/figure>\n\n\n\n<figure class=\"wp-block-gallery columns-1 is-cropped wp-block-gallery-2 is-layout-flex wp-block-gallery-is-layout-flex\"><ul class=\"blocks-gallery-grid\"><li class=\"blocks-gallery-item\"><figure><img loading=\"lazy\" decoding=\"async\" width=\"1024\" height=\"576\" src=\"http:\/\/www.horda-azzuro.de\/cms\/wp-content\/uploads\/2020\/04\/DSC_1706-1-1024x576.jpg\" alt=\"\" data-id=\"10878\" data-full-url=\"http:\/\/www.horda-azzuro.de\/cms\/wp-content\/uploads\/2020\/04\/DSC_1706-1.jpg\" data-link=\"http:\/\/www.horda-azzuro.de\/cms\/?attachment_id=10878\" class=\"wp-image-10878\" srcset=\"https:\/\/www.horda-azzuro.de\/cms\/wp-content\/uploads\/2020\/04\/DSC_1706-1-1024x576.jpg 1024w, https:\/\/www.horda-azzuro.de\/cms\/wp-content\/uploads\/2020\/04\/DSC_1706-1-300x169.jpg 300w, https:\/\/www.horda-azzuro.de\/cms\/wp-content\/uploads\/2020\/04\/DSC_1706-1-768x432.jpg 768w, https:\/\/www.horda-azzuro.de\/cms\/wp-content\/uploads\/2020\/04\/DSC_1706-1-1536x864.jpg 1536w, https:\/\/www.horda-azzuro.de\/cms\/wp-content\/uploads\/2020\/04\/DSC_1706-1-2048x1152.jpg 2048w, https:\/\/www.horda-azzuro.de\/cms\/wp-content\/uploads\/2020\/04\/DSC_1706-1-1870x1052.jpg 1870w, https:\/\/www.horda-azzuro.de\/cms\/wp-content\/uploads\/2020\/04\/DSC_1706-1-400x225.jpg 400w, https:\/\/www.horda-azzuro.de\/cms\/wp-content\/uploads\/2020\/04\/DSC_1706-1-800x450.jpg 800w\" sizes=\"auto, (max-width: 1024px) 100vw, 1024px\" \/><\/figure><\/li><\/ul><\/figure>\n\n\n\n<p><br><br><strong>Apolda<\/strong><\/p>\n\n\n\n<figure class=\"wp-block-gallery columns-2 is-cropped wp-block-gallery-3 is-layout-flex wp-block-gallery-is-layout-flex\"><ul class=\"blocks-gallery-grid\"><li class=\"blocks-gallery-item\"><figure><img loading=\"lazy\" decoding=\"async\" width=\"471\" height=\"1024\" src=\"http:\/\/www.horda-azzuro.de\/cms\/wp-content\/uploads\/2020\/04\/IMG-20200409-WA0023-471x1024.jpg\" alt=\"\" data-id=\"10879\" data-full-url=\"http:\/\/www.horda-azzuro.de\/cms\/wp-content\/uploads\/2020\/04\/IMG-20200409-WA0023.jpg\" data-link=\"http:\/\/www.horda-azzuro.de\/cms\/?attachment_id=10879\" class=\"wp-image-10879\" srcset=\"https:\/\/www.horda-azzuro.de\/cms\/wp-content\/uploads\/2020\/04\/IMG-20200409-WA0023-471x1024.jpg 471w, https:\/\/www.horda-azzuro.de\/cms\/wp-content\/uploads\/2020\/04\/IMG-20200409-WA0023-138x300.jpg 138w, https:\/\/www.horda-azzuro.de\/cms\/wp-content\/uploads\/2020\/04\/IMG-20200409-WA0023-768x1670.jpg 768w, https:\/\/www.horda-azzuro.de\/cms\/wp-content\/uploads\/2020\/04\/IMG-20200409-WA0023-707x1536.jpg 707w, https:\/\/www.horda-azzuro.de\/cms\/wp-content\/uploads\/2020\/04\/IMG-20200409-WA0023-942x2048.jpg 942w, https:\/\/www.horda-azzuro.de\/cms\/wp-content\/uploads\/2020\/04\/IMG-20200409-WA0023-400x870.jpg 400w, https:\/\/www.horda-azzuro.de\/cms\/wp-content\/uploads\/2020\/04\/IMG-20200409-WA0023-800x1739.jpg 800w, https:\/\/www.horda-azzuro.de\/cms\/wp-content\/uploads\/2020\/04\/IMG-20200409-WA0023.jpg 1150w\" sizes=\"auto, (max-width: 471px) 100vw, 471px\" \/><\/figure><\/li><li class=\"blocks-gallery-item\"><figure><img loading=\"lazy\" decoding=\"async\" width=\"471\" height=\"1024\" src=\"http:\/\/www.horda-azzuro.de\/cms\/wp-content\/uploads\/2020\/04\/IMG-20200409-WA0026-471x1024.jpg\" alt=\"\" data-id=\"10880\" data-full-url=\"http:\/\/www.horda-azzuro.de\/cms\/wp-content\/uploads\/2020\/04\/IMG-20200409-WA0026.jpg\" data-link=\"http:\/\/www.horda-azzuro.de\/cms\/?attachment_id=10880\" class=\"wp-image-10880\" srcset=\"https:\/\/www.horda-azzuro.de\/cms\/wp-content\/uploads\/2020\/04\/IMG-20200409-WA0026-471x1024.jpg 471w, https:\/\/www.horda-azzuro.de\/cms\/wp-content\/uploads\/2020\/04\/IMG-20200409-WA0026-138x300.jpg 138w, https:\/\/www.horda-azzuro.de\/cms\/wp-content\/uploads\/2020\/04\/IMG-20200409-WA0026-768x1670.jpg 768w, https:\/\/www.horda-azzuro.de\/cms\/wp-content\/uploads\/2020\/04\/IMG-20200409-WA0026-707x1536.jpg 707w, https:\/\/www.horda-azzuro.de\/cms\/wp-content\/uploads\/2020\/04\/IMG-20200409-WA0026-942x2048.jpg 942w, https:\/\/www.horda-azzuro.de\/cms\/wp-content\/uploads\/2020\/04\/IMG-20200409-WA0026-400x870.jpg 400w, https:\/\/www.horda-azzuro.de\/cms\/wp-content\/uploads\/2020\/04\/IMG-20200409-WA0026-800x1739.jpg 800w, https:\/\/www.horda-azzuro.de\/cms\/wp-content\/uploads\/2020\/04\/IMG-20200409-WA0026.jpg 1150w\" sizes=\"auto, (max-width: 471px) 100vw, 471px\" \/><\/figure><\/li><\/ul><\/figure>\n\n\n\n<p><br><strong><br>Saalfeld<\/strong><\/p>\n\n\n\n<figure class=\"wp-block-image size-large\"><img loading=\"lazy\" decoding=\"async\" width=\"1024\" height=\"768\" src=\"http:\/\/www.horda-azzuro.de\/cms\/wp-content\/uploads\/2020\/04\/IMG_7609-1024x768.jpg\" alt=\"\" class=\"wp-image-10881\" srcset=\"https:\/\/www.horda-azzuro.de\/cms\/wp-content\/uploads\/2020\/04\/IMG_7609-1024x768.jpg 1024w, https:\/\/www.horda-azzuro.de\/cms\/wp-content\/uploads\/2020\/04\/IMG_7609-300x225.jpg 300w, https:\/\/www.horda-azzuro.de\/cms\/wp-content\/uploads\/2020\/04\/IMG_7609-768x576.jpg 768w, https:\/\/www.horda-azzuro.de\/cms\/wp-content\/uploads\/2020\/04\/IMG_7609-1536x1152.jpg 1536w, https:\/\/www.horda-azzuro.de\/cms\/wp-content\/uploads\/2020\/04\/IMG_7609-2048x1536.jpg 2048w, https:\/\/www.horda-azzuro.de\/cms\/wp-content\/uploads\/2020\/04\/IMG_7609-1870x1403.jpg 1870w, https:\/\/www.horda-azzuro.de\/cms\/wp-content\/uploads\/2020\/04\/IMG_7609-400x300.jpg 400w, https:\/\/www.horda-azzuro.de\/cms\/wp-content\/uploads\/2020\/04\/IMG_7609-800x600.jpg 800w\" sizes=\"auto, (max-width: 1024px) 100vw, 1024px\" \/><\/figure>\n\n\n\n<p><br><br><strong>Gera<\/strong><\/p>\n\n\n\n<figure class=\"wp-block-image size-large\"><img loading=\"lazy\" decoding=\"async\" width=\"768\" height=\"1024\" src=\"http:\/\/www.horda-azzuro.de\/cms\/wp-content\/uploads\/2020\/04\/IMG_82301-768x1024.jpg\" alt=\"\" class=\"wp-image-10882\" srcset=\"https:\/\/www.horda-azzuro.de\/cms\/wp-content\/uploads\/2020\/04\/IMG_82301-768x1024.jpg 768w, https:\/\/www.horda-azzuro.de\/cms\/wp-content\/uploads\/2020\/04\/IMG_82301-225x300.jpg 225w, https:\/\/www.horda-azzuro.de\/cms\/wp-content\/uploads\/2020\/04\/IMG_82301-1152x1536.jpg 1152w, https:\/\/www.horda-azzuro.de\/cms\/wp-content\/uploads\/2020\/04\/IMG_82301-1536x2048.jpg 1536w, https:\/\/www.horda-azzuro.de\/cms\/wp-content\/uploads\/2020\/04\/IMG_82301-1870x2493.jpg 1870w, https:\/\/www.horda-azzuro.de\/cms\/wp-content\/uploads\/2020\/04\/IMG_82301-400x533.jpg 400w, https:\/\/www.horda-azzuro.de\/cms\/wp-content\/uploads\/2020\/04\/IMG_82301-800x1067.jpg 800w, https:\/\/www.horda-azzuro.de\/cms\/wp-content\/uploads\/2020\/04\/IMG_82301.jpg 1875w\" sizes=\"auto, (max-width: 768px) 100vw, 768px\" \/><\/figure>\n\n\n\n<p><br><br><strong>Orlatal<\/strong><\/p>\n\n\n\n<figure class=\"wp-block-image size-large\"><img loading=\"lazy\" decoding=\"async\" width=\"1024\" height=\"746\" src=\"http:\/\/www.horda-azzuro.de\/cms\/wp-content\/uploads\/2020\/04\/IMG_6834-1024x746.jpg\" alt=\"\" class=\"wp-image-10884\" srcset=\"https:\/\/www.horda-azzuro.de\/cms\/wp-content\/uploads\/2020\/04\/IMG_6834-1024x746.jpg 1024w, https:\/\/www.horda-azzuro.de\/cms\/wp-content\/uploads\/2020\/04\/IMG_6834-300x219.jpg 300w, https:\/\/www.horda-azzuro.de\/cms\/wp-content\/uploads\/2020\/04\/IMG_6834-768x560.jpg 768w, https:\/\/www.horda-azzuro.de\/cms\/wp-content\/uploads\/2020\/04\/IMG_6834-1536x1119.jpg 1536w, https:\/\/www.horda-azzuro.de\/cms\/wp-content\/uploads\/2020\/04\/IMG_6834-2048x1493.jpg 2048w, https:\/\/www.horda-azzuro.de\/cms\/wp-content\/uploads\/2020\/04\/IMG_6834-1870x1363.jpg 1870w, https:\/\/www.horda-azzuro.de\/cms\/wp-content\/uploads\/2020\/04\/IMG_6834-400x292.jpg 400w, https:\/\/www.horda-azzuro.de\/cms\/wp-content\/uploads\/2020\/04\/IMG_6834-800x583.jpg 800w\" sizes=\"auto, (max-width: 1024px) 100vw, 1024px\" \/><\/figure>\n\n\n\n<p><br><strong><br>Kahla<\/strong><\/p>\n\n\n\n<figure class=\"wp-block-image size-large\"><img loading=\"lazy\" decoding=\"async\" width=\"1024\" height=\"576\" src=\"http:\/\/www.horda-azzuro.de\/cms\/wp-content\/uploads\/2020\/04\/20200411_114315-1024x576.jpg\" alt=\"\" class=\"wp-image-10887\" srcset=\"https:\/\/www.horda-azzuro.de\/cms\/wp-content\/uploads\/2020\/04\/20200411_114315-1024x576.jpg 1024w, https:\/\/www.horda-azzuro.de\/cms\/wp-content\/uploads\/2020\/04\/20200411_114315-300x169.jpg 300w, https:\/\/www.horda-azzuro.de\/cms\/wp-content\/uploads\/2020\/04\/20200411_114315-768x432.jpg 768w, https:\/\/www.horda-azzuro.de\/cms\/wp-content\/uploads\/2020\/04\/20200411_114315-1536x864.jpg 1536w, https:\/\/www.horda-azzuro.de\/cms\/wp-content\/uploads\/2020\/04\/20200411_114315-2048x1152.jpg 2048w, https:\/\/www.horda-azzuro.de\/cms\/wp-content\/uploads\/2020\/04\/20200411_114315-1870x1052.jpg 1870w, https:\/\/www.horda-azzuro.de\/cms\/wp-content\/uploads\/2020\/04\/20200411_114315-400x225.jpg 400w, https:\/\/www.horda-azzuro.de\/cms\/wp-content\/uploads\/2020\/04\/20200411_114315-800x450.jpg 800w\" sizes=\"auto, (max-width: 1024px) 100vw, 1024px\" \/><\/figure>\n<div class='avc_visit_counter_front_simple' style=\" width: 100%; max-width: 300px; border: 2px solid #000000; color:#000000; background-color:#ffffff; border-radius: 0px; float: left; padding: 5px\">  <\/div>","protected":false},"excerpt":{"rendered":"<p>Hallo Zeissfans, am Gr\u00fcndonnerstag, und damit p\u00fcnktlich vor Ostern, konnten wir eine zweite gro\u00dfe Bestellung an Lebensmitteln im Gro\u00dfmarkt abholen welche dann sofort auf die Tafeln der Regionen des FCC-Einzugsgebietes verteilt wurden. Beliefert wurden diesmal die Tafeln in Gera, Kahla, Stadtroda, Apolda, Saalfeld, Rudolstadt, P\u00f6\u00dfneck, Weimar, Blankenhain, Schleiz und Wei\u00dfenfels wobei alle Tafeln der Region, [&hellip;]<\/p>\n","protected":false},"author":2,"featured_media":10793,"comment_status":"closed","ping_status":"closed","sticky":false,"template":"","format":"standard","meta":{"ngg_post_thumbnail":0,"footnotes":""},"categories":[1],"tags":[],"class_list":["post-10859","post","type-post","status-publish","format-standard","has-post-thumbnail","hentry","category-allgemein","has-thumbnail"],"_links":{"self":[{"href":"https:\/\/www.horda-azzuro.de\/cms\/index.php?rest_route=\/wp\/v2\/posts\/10859","targetHints":{"allow":["GET"]}}],"collection":[{"href":"https:\/\/www.horda-azzuro.de\/cms\/index.php?rest_route=\/wp\/v2\/posts"}],"about":[{"href":"https:\/\/www.horda-azzuro.de\/cms\/index.php?rest_route=\/wp\/v2\/types\/post"}],"author":[{"embeddable":true,"href":"https:\/\/www.horda-azzuro.de\/cms\/index.php?rest_route=\/wp\/v2\/users\/2"}],"replies":[{"embeddable":true,"href":"https:\/\/www.horda-azzuro.de\/cms\/index.php?rest_route=%2Fwp%2Fv2%2Fcomments&post=10859"}],"version-history":[{"count":5,"href":"https:\/\/www.horda-azzuro.de\/cms\/index.php?rest_route=\/wp\/v2\/posts\/10859\/revisions"}],"predecessor-version":[{"id":10888,"href":"https:\/\/www.horda-azzuro.de\/cms\/index.php?rest_route=\/wp\/v2\/posts\/10859\/revisions\/10888"}],"wp:featuredmedia":[{"embeddable":true,"href":"https:\/\/www.horda-azzuro.de\/cms\/index.php?rest_route=\/wp\/v2\/media\/10793"}],"wp:attachment":[{"href":"https:\/\/www.horda-azzuro.de\/cms\/index.php?rest_route=%2Fwp%2Fv2%2Fmedia&parent=10859"}],"wp:term":[{"taxonomy":"category","embeddable":true,"href":"https:\/\/www.horda-azzuro.de\/cms\/index.php?rest_route=%2Fwp%2Fv2%2Fcategories&post=10859"},{"taxonomy":"post_tag","embeddable":true,"href":"https:\/\/www.horda-azzuro.de\/cms\/index.php?rest_route=%2Fwp%2Fv2%2Ftags&post=10859"}],"curies":[{"name":"wp","href":"https:\/\/api.w.org\/{rel}","templated":true}]}}