{"id":17644,"date":"2020-06-02T09:41:03","date_gmt":"2020-06-02T07:41:03","guid":{"rendered":"http:\/\/www.horda-azzuro.de\/cms\/?p=17644"},"modified":"2020-06-02T09:41:05","modified_gmt":"2020-06-02T07:41:05","slug":"endspurt-fcc-fans-helfen","status":"publish","type":"post","link":"https:\/\/www.horda-azzuro.de\/cms\/?p=17644","title":{"rendered":"ENDSPURT | FCC-FANS HELFEN!"},"content":{"rendered":"\n<p class=\"has-drop-cap has-text-align-left\">Es ist nun schon einige Wochen, dass sich unsere Welt binnen weniger Tage massiv ver\u00e4nderte. Es hielten Gef\u00fchle, \u00c4ngste und Bedingungen Einzug, welche bis heute weitestgehend anhalten.<\/p>\n\n\n\n<p>Auch f\u00fcr die Anh\u00e4nger und Mitglieder des FC Carl Zeiss bedeutet die Pandemie herbe Einschnitte, welche gerade in Zeiten vereinspolitischer Kontroverse zur Unzeit einschlugen. Den Fokus auf die \u201eES REICHT\u201c-Forderungen nicht aus dem Auge verlierend, ging es aber tats\u00e4chlich im M\u00e4rz zun\u00e4chst darum, die Power der Fanszene parallel zu kanalisieren und zentrale blaugelbwei\u00dfe Werte wie Menschlichkeit und Solidarit\u00e4t mit dem gewohnten Kampfgeist zu verbinden.<\/p>\n\n\n\n<p>Im M\u00e4rz schossen die Aufrufe, Fundings und Unterst\u00fctzungsbedarfe aus dem Boden und wir nahmen uns zun\u00e4chst die Zeit, die eigenen M\u00f6glichkeiten mit Bedacht damit abzugleichen. Heute schauen wir stolz auf die Entscheidung zur\u00fcck, mit den Tafel- und Blutspende-Einrichtungen der Region greifbare und mit den Strukturen der FCC-Anh\u00e4ngerschaft wunderbar in Einklang zu bringende M\u00f6glichkeiten gefunden zu haben. Neun Wochen liegen bereits hinter uns und neben literweise Blut f\u00fcr die sich sukzessive leerenden Blutbanken konnte den Tafeln in Jena, Stadtroda, Kahla, Saalfeld, Rudolstadt, P\u00f6\u00dfneck, Schleiz, Greiz, Zeulenroda, Gera, Wei\u00dfenfels, Naumburg, Apolda, Weimar und Blankenhain jede Woche unter die Arme gegriffen werden. Im Wert von \u00fcber 18.000\u20ac haben die Zeiss-Fans bereits Lebensmittel und Hygiene-Artikel f\u00fcr das Tafel-Angebot beigesteuert &#8211; alles ausnahmslos durch Spenden finanziert.<\/p>\n\n\n\n<p>Inzwischen sind wir im Juni angekommen und Woche f\u00fcr Woche scheint ein St\u00fcck mehr Normalit\u00e4t zur\u00fcckzukehren. Wir wollen jedoch noch etwas durchhalten und \u201eFCC-FANS HELFEN\u201c f\u00fcr insgesamt 12 Wochen auf dem etablierten Niveau m\u00f6glich machen.<\/p>\n\n\n\n<p>Die Zw\u00f6lf ist f\u00fcr uns eine besondere Zahl, steht sie doch auch f\u00fcr unser Wirken (nicht nur) im Stadion und den Einsatz f\u00fcr den Erfolg des FCC. Um noch drei weitere Wochen durchzuhalten und den Unterst\u00fctzungsbedarf in den Regionen nicht zu fr\u00fch nicht mehr bedienen zu k\u00f6nnen, ben\u00f6tigt es einen kollektiven Kraftakt, ein finales Aufb\u00e4umen. Im Grunde das, was wir immer wieder vom Spielerkader erwarten, wenn es zur Sache geht.<\/p>\n\n\n\n<p>JETZT! Lasst uns die Mobilisierungspower des gesamten FCC und seiner Mitglieder nutzen und unterstreichen, dass wir alle zum Erfolg dieser bis dato einmaligen Aktion beigetragen haben und einen stolzen Abschluss organisieren k\u00f6nnen. Gerade in sportlich schweren Zeiten kann es gelingen, das \u201eMehr\u201c des FCC deutlich zu machen und vielen Worten weitere Taten folgen zu lassen. Eine mittlere vierstellige Summe ist noch n\u00f6tig, um allen angebundenen Tafeln im Kern-Einzugsgebiet unseres FC Carl Zeiss bis in eine 12. Aktionswoche hinein unter die Arme greifen.<\/p>\n\n\n\n<p>Lange Rede, kurzer Sinn: nutzt eure Kan\u00e4le und Kontakte, redet mit breiter Brust \u00fcber die Reaktionen und die riesige Dankbarkeit, welche dem FCC, seiner S\u00fcdkurve und Fanszene Woche f\u00fcr Woche entgegen gebracht wird und packt aktiv mit an, dass die 12. Kraft im Stadion in der Lage ist, 12 schwere Wochen zu \u00fcberbr\u00fccken. \u00dcberlassen wir es nicht dem Zufall, gehen wir es an. Und f\u00fcr die Zeit danach stricken wir schon an M\u00f6glichkeiten einer zeitlosen Partnerschaft zwischen blaugelbwei\u00dfem Enthusiasmus und der ebenso ideellen Arbeit der Tafeln unserer Region.<\/p>\n\n\n\n<p><strong>FCC-FANS HELFEN!<\/strong><\/p>\n\n\n\n<p><strong>ENDSPURT! 12!<\/strong><strong><\/strong><\/p>\n\n\n\n<figure class=\"wp-block-image size-large\"><img loading=\"lazy\" decoding=\"async\" width=\"1024\" height=\"1024\" src=\"http:\/\/www.horda-azzuro.de\/cms\/wp-content\/uploads\/2020\/06\/Finale-1024x1024.jpg\" alt=\"\" class=\"wp-image-17646\" srcset=\"https:\/\/www.horda-azzuro.de\/cms\/wp-content\/uploads\/2020\/06\/Finale-1024x1024.jpg 1024w, https:\/\/www.horda-azzuro.de\/cms\/wp-content\/uploads\/2020\/06\/Finale-300x300.jpg 300w, https:\/\/www.horda-azzuro.de\/cms\/wp-content\/uploads\/2020\/06\/Finale-150x150.jpg 150w, https:\/\/www.horda-azzuro.de\/cms\/wp-content\/uploads\/2020\/06\/Finale-768x768.jpg 768w, https:\/\/www.horda-azzuro.de\/cms\/wp-content\/uploads\/2020\/06\/Finale-1536x1536.jpg 1536w, https:\/\/www.horda-azzuro.de\/cms\/wp-content\/uploads\/2020\/06\/Finale-2048x2048.jpg 2048w, https:\/\/www.horda-azzuro.de\/cms\/wp-content\/uploads\/2020\/06\/Finale-1870x1870.jpg 1870w, https:\/\/www.horda-azzuro.de\/cms\/wp-content\/uploads\/2020\/06\/Finale-400x400.jpg 400w, https:\/\/www.horda-azzuro.de\/cms\/wp-content\/uploads\/2020\/06\/Finale-800x800.jpg 800w\" sizes=\"auto, (max-width: 1024px) 100vw, 1024px\" \/><\/figure>\n<div class='avc_visit_counter_front_simple' style=\" width: 100%; max-width: 300px; border: 2px solid #000000; color:#000000; background-color:#ffffff; border-radius: 0px; float: left; padding: 5px\">  <\/div>","protected":false},"excerpt":{"rendered":"<p>Es ist nun schon einige Wochen, dass sich unsere Welt binnen weniger Tage massiv ver\u00e4nderte. Es hielten Gef\u00fchle, \u00c4ngste und Bedingungen Einzug, welche bis heute weitestgehend anhalten. Auch f\u00fcr die Anh\u00e4nger und Mitglieder des FC Carl Zeiss bedeutet die Pandemie herbe Einschnitte, welche gerade in Zeiten vereinspolitischer Kontroverse zur Unzeit einschlugen. Den Fokus auf die [&hellip;]<\/p>\n","protected":false},"author":2,"featured_media":17646,"comment_status":"closed","ping_status":"closed","sticky":false,"template":"","format":"standard","meta":{"ngg_post_thumbnail":0,"footnotes":""},"categories":[1],"tags":[],"class_list":["post-17644","post","type-post","status-publish","format-standard","has-post-thumbnail","hentry","category-allgemein","has-thumbnail"],"_links":{"self":[{"href":"https:\/\/www.horda-azzuro.de\/cms\/index.php?rest_route=\/wp\/v2\/posts\/17644","targetHints":{"allow":["GET"]}}],"collection":[{"href":"https:\/\/www.horda-azzuro.de\/cms\/index.php?rest_route=\/wp\/v2\/posts"}],"about":[{"href":"https:\/\/www.horda-azzuro.de\/cms\/index.php?rest_route=\/wp\/v2\/types\/post"}],"author":[{"embeddable":true,"href":"https:\/\/www.horda-azzuro.de\/cms\/index.php?rest_route=\/wp\/v2\/users\/2"}],"replies":[{"embeddable":true,"href":"https:\/\/www.horda-azzuro.de\/cms\/index.php?rest_route=%2Fwp%2Fv2%2Fcomments&post=17644"}],"version-history":[{"count":3,"href":"https:\/\/www.horda-azzuro.de\/cms\/index.php?rest_route=\/wp\/v2\/posts\/17644\/revisions"}],"predecessor-version":[{"id":17648,"href":"https:\/\/www.horda-azzuro.de\/cms\/index.php?rest_route=\/wp\/v2\/posts\/17644\/revisions\/17648"}],"wp:featuredmedia":[{"embeddable":true,"href":"https:\/\/www.horda-azzuro.de\/cms\/index.php?rest_route=\/wp\/v2\/media\/17646"}],"wp:attachment":[{"href":"https:\/\/www.horda-azzuro.de\/cms\/index.php?rest_route=%2Fwp%2Fv2%2Fmedia&parent=17644"}],"wp:term":[{"taxonomy":"category","embeddable":true,"href":"https:\/\/www.horda-azzuro.de\/cms\/index.php?rest_route=%2Fwp%2Fv2%2Fcategories&post=17644"},{"taxonomy":"post_tag","embeddable":true,"href":"https:\/\/www.horda-azzuro.de\/cms\/index.php?rest_route=%2Fwp%2Fv2%2Ftags&post=17644"}],"curies":[{"name":"wp","href":"https:\/\/api.w.org\/{rel}","templated":true}]}}