{"id":17713,"date":"2020-06-08T07:18:05","date_gmt":"2020-06-08T05:18:05","guid":{"rendered":"http:\/\/www.horda-azzuro.de\/cms\/?p=17713"},"modified":"2020-06-08T07:18:06","modified_gmt":"2020-06-08T05:18:06","slug":"fcc-fans-helfen-woche-10","status":"publish","type":"post","link":"https:\/\/www.horda-azzuro.de\/cms\/?p=17713","title":{"rendered":"FCC-FANS HELFEN! Woche 10"},"content":{"rendered":"\n<p><em>\u201eAlles ist der Eintopf\u201c<\/em><\/p>\n\n\n\n<p>\u2026mit diesen Worten verabschiedete ein Mithelfender der Tafel in Schleiz unsere Regionsgruppe nach der \u00dcbergabe von kiloweise Margarine, Raps\u00f6l, Cornflakes, Sp\u00fclmittel und eben Doseneint\u00f6pfen. In den inzwischen 10 Aktionswochen ist man sich gegenseitig ans Herz gewachsen und hat gro\u00dfe Freude \u00fcber die Leidenschaft des jeweils Anderen entwickelt. Jede\/r auf seine\/ihre Weise und doch Hand in Hand.<\/p>\n\n\n\n<p>Die zur\u00fcckliegende Woche stand ganz im Zeichen des ausgerufenen Endspurts f\u00fcr \u201eFCC-FANS HELFEN\u201c, siehe dazu der Aufruf vom vergangenen Dienstag. Wir haben trotz bzw. vor allem wegen r\u00fcckl\u00e4ufiger Spendeneing\u00e4nge beschlossen, gemeinsam nochmal alle Kr\u00e4fte zu b\u00fcndeln. Ziel ist es, die Aktion bis zur zw\u00f6lften Projektwoche zu verl\u00e4ngern, ohne dabei quantitative Abstriche bei der Belieferung machen zu m\u00fcssen.&nbsp;<br>Der Start in diesen Endspurt kann durchaus als gelungen bezeichnet werden, da innerhalb der ersten vier Tage bereits wieder knapp 2.000 Euro zusammen gekommen sind. Das entspricht ungef\u00e4hr den Ausgaben, die wir f\u00fcr die Lebensmitteleink\u00e4ufe pro Woche stemmen.<\/p>\n\n\n\n<p><br>Die Dankbarkeit der Mitarbeiterinnen und Mitarbeiter der Tafeln f\u00fcr die gelieferten Waren war auch in dieser Woche wieder zu sp\u00fcren, nicht nur in Schleiz. In den St\u00e4dten Jena, Kahla, Rudolstadt, Saalfeld, Apolda, Blankenhain, Weimar, Naumburg, Wei\u00dfenfels, Stadtroda, Gera, Greiz, Zeulenroda, P\u00f6\u00dfneck, Schleiz und Bad Lobenstein lieferten die FCC-Fans am Freitag und Samstag aus. Bei dieser Gelegenheit konnte die Hilfe f\u00fcr weitere zwei Wochen in Aussicht gestellt werden, was nat\u00fcrlich mit einem lachenden und leider auch einem weinenden Auge beantwortet wurde.<\/p>\n\n\n\n<p><br>Da der Bedarf weiterhin ungebrochen hoch ist, gilt es f\u00fcr uns nun nicht nachzulassen und die magische 12 auch zu schaffen. Sprecht euer Umfeld noch einmal mit \u00dcberzeugung auf die Wichtigkeit der Pandemie-Hilfe an, gerade in diesen Tagen, welche vom Vergessen der Bedarfe gepr\u00e4gt ist. Zeigt, was die FCC-Fanszene im Stande ist zu leisten, wenn es darum geht, f\u00fcr die Schw\u00e4chsten der Gesellschaft Hilfe zu leisten. Bringen wir ein solidarisches Projekt, auf das wir schon jetzt stolz sein k\u00f6nnen, zu einem furiosen Ende. Die Tafeleinrichtungen werden es uns danken und wir sind zuversichtlich, auch im Nachgang in einem anderen Rahmen helfen zu k\u00f6nnen. Bereits angelaufen ist eine weiterf\u00fchrende Hilfe f\u00fcr den Verein Jenaer Tafel e.V., in dessen Rahmen Lebensmittellieferungen f\u00fcr k\u00f6rperlich eingeschr\u00e4nkte Bed\u00fcrftige in den kommenden Monaten erfolgen sollen. Hoffen wir auch diesbez\u00fcglich auf das Beste.<br><\/p>\n\n\n\n<p><strong>Alles ist der Eintopf \u2013 Eintopf ist alles!<\/strong><br><strong>Solidarit\u00e4t ist unsere Waffe gegen das Virus!\u00a0<\/strong><\/p>\n\n\n\n<figure class=\"wp-block-image size-large\"><img loading=\"lazy\" decoding=\"async\" width=\"985\" height=\"634\" src=\"http:\/\/www.horda-azzuro.de\/cms\/wp-content\/uploads\/2020\/06\/fccfanshelfendiagramm10.jpg\" alt=\"\" class=\"wp-image-17714\" srcset=\"https:\/\/www.horda-azzuro.de\/cms\/wp-content\/uploads\/2020\/06\/fccfanshelfendiagramm10.jpg 985w, https:\/\/www.horda-azzuro.de\/cms\/wp-content\/uploads\/2020\/06\/fccfanshelfendiagramm10-300x193.jpg 300w, https:\/\/www.horda-azzuro.de\/cms\/wp-content\/uploads\/2020\/06\/fccfanshelfendiagramm10-768x494.jpg 768w, https:\/\/www.horda-azzuro.de\/cms\/wp-content\/uploads\/2020\/06\/fccfanshelfendiagramm10-400x257.jpg 400w, https:\/\/www.horda-azzuro.de\/cms\/wp-content\/uploads\/2020\/06\/fccfanshelfendiagramm10-800x515.jpg 800w\" sizes=\"auto, (max-width: 985px) 100vw, 985px\" \/><\/figure>\n\n\n\nngg_shortcode_0_placeholder\n\n\n\n<p><br><br><br>Weimar<\/p>\n\n\n\n<figure class=\"wp-block-image size-large\"><img loading=\"lazy\" decoding=\"async\" width=\"1024\" height=\"768\" src=\"http:\/\/www.horda-azzuro.de\/cms\/wp-content\/uploads\/2020\/06\/IMG-20200605-WA0008-1024x768.jpg\" alt=\"\" class=\"wp-image-17722\" srcset=\"https:\/\/www.horda-azzuro.de\/cms\/wp-content\/uploads\/2020\/06\/IMG-20200605-WA0008-1024x768.jpg 1024w, https:\/\/www.horda-azzuro.de\/cms\/wp-content\/uploads\/2020\/06\/IMG-20200605-WA0008-300x225.jpg 300w, https:\/\/www.horda-azzuro.de\/cms\/wp-content\/uploads\/2020\/06\/IMG-20200605-WA0008-768x576.jpg 768w, https:\/\/www.horda-azzuro.de\/cms\/wp-content\/uploads\/2020\/06\/IMG-20200605-WA0008-1536x1152.jpg 1536w, https:\/\/www.horda-azzuro.de\/cms\/wp-content\/uploads\/2020\/06\/IMG-20200605-WA0008-2048x1536.jpg 2048w, https:\/\/www.horda-azzuro.de\/cms\/wp-content\/uploads\/2020\/06\/IMG-20200605-WA0008-1870x1403.jpg 1870w, https:\/\/www.horda-azzuro.de\/cms\/wp-content\/uploads\/2020\/06\/IMG-20200605-WA0008-400x300.jpg 400w, https:\/\/www.horda-azzuro.de\/cms\/wp-content\/uploads\/2020\/06\/IMG-20200605-WA0008-800x600.jpg 800w\" sizes=\"auto, (max-width: 1024px) 100vw, 1024px\" \/><\/figure>\n\n\n\n<p><br><br>Gera<\/p>\n\n\n\n<figure class=\"wp-block-image size-large\"><img loading=\"lazy\" decoding=\"async\" width=\"768\" height=\"1024\" src=\"http:\/\/www.horda-azzuro.de\/cms\/wp-content\/uploads\/2020\/06\/IMG_2893-768x1024.jpg\" alt=\"\" class=\"wp-image-17723\" srcset=\"https:\/\/www.horda-azzuro.de\/cms\/wp-content\/uploads\/2020\/06\/IMG_2893-768x1024.jpg 768w, https:\/\/www.horda-azzuro.de\/cms\/wp-content\/uploads\/2020\/06\/IMG_2893-225x300.jpg 225w, https:\/\/www.horda-azzuro.de\/cms\/wp-content\/uploads\/2020\/06\/IMG_2893-1152x1536.jpg 1152w, https:\/\/www.horda-azzuro.de\/cms\/wp-content\/uploads\/2020\/06\/IMG_2893-1536x2048.jpg 1536w, https:\/\/www.horda-azzuro.de\/cms\/wp-content\/uploads\/2020\/06\/IMG_2893-1870x2493.jpg 1870w, https:\/\/www.horda-azzuro.de\/cms\/wp-content\/uploads\/2020\/06\/IMG_2893-400x533.jpg 400w, https:\/\/www.horda-azzuro.de\/cms\/wp-content\/uploads\/2020\/06\/IMG_2893-800x1067.jpg 800w, https:\/\/www.horda-azzuro.de\/cms\/wp-content\/uploads\/2020\/06\/IMG_2893.jpg 1875w\" sizes=\"auto, (max-width: 768px) 100vw, 768px\" \/><\/figure>\n\n\n\n<p><br><br><br>Schleiz<\/p>\n\n\n\n<figure class=\"wp-block-image size-large\"><img loading=\"lazy\" decoding=\"async\" width=\"1024\" height=\"768\" src=\"http:\/\/www.horda-azzuro.de\/cms\/wp-content\/uploads\/2020\/06\/image0-1024x768.jpg\" alt=\"\" class=\"wp-image-17724\" srcset=\"https:\/\/www.horda-azzuro.de\/cms\/wp-content\/uploads\/2020\/06\/image0-1024x768.jpg 1024w, https:\/\/www.horda-azzuro.de\/cms\/wp-content\/uploads\/2020\/06\/image0-300x225.jpg 300w, https:\/\/www.horda-azzuro.de\/cms\/wp-content\/uploads\/2020\/06\/image0-768x576.jpg 768w, https:\/\/www.horda-azzuro.de\/cms\/wp-content\/uploads\/2020\/06\/image0-1536x1152.jpg 1536w, https:\/\/www.horda-azzuro.de\/cms\/wp-content\/uploads\/2020\/06\/image0-2048x1536.jpg 2048w, https:\/\/www.horda-azzuro.de\/cms\/wp-content\/uploads\/2020\/06\/image0-1870x1403.jpg 1870w, https:\/\/www.horda-azzuro.de\/cms\/wp-content\/uploads\/2020\/06\/image0-400x300.jpg 400w, https:\/\/www.horda-azzuro.de\/cms\/wp-content\/uploads\/2020\/06\/image0-800x600.jpg 800w\" sizes=\"auto, (max-width: 1024px) 100vw, 1024px\" \/><\/figure>\n\n\n\n<p><br><br><br>Greiz<\/p>\n\n\n\n<figure class=\"wp-block-image size-large\"><img loading=\"lazy\" decoding=\"async\" width=\"1024\" height=\"768\" src=\"http:\/\/www.horda-azzuro.de\/cms\/wp-content\/uploads\/2020\/06\/IMG_6932-1024x768.jpg\" alt=\"\" class=\"wp-image-17725\" srcset=\"https:\/\/www.horda-azzuro.de\/cms\/wp-content\/uploads\/2020\/06\/IMG_6932-1024x768.jpg 1024w, https:\/\/www.horda-azzuro.de\/cms\/wp-content\/uploads\/2020\/06\/IMG_6932-300x225.jpg 300w, https:\/\/www.horda-azzuro.de\/cms\/wp-content\/uploads\/2020\/06\/IMG_6932-768x576.jpg 768w, https:\/\/www.horda-azzuro.de\/cms\/wp-content\/uploads\/2020\/06\/IMG_6932-1536x1152.jpg 1536w, https:\/\/www.horda-azzuro.de\/cms\/wp-content\/uploads\/2020\/06\/IMG_6932-2048x1536.jpg 2048w, https:\/\/www.horda-azzuro.de\/cms\/wp-content\/uploads\/2020\/06\/IMG_6932-1870x1403.jpg 1870w, https:\/\/www.horda-azzuro.de\/cms\/wp-content\/uploads\/2020\/06\/IMG_6932-400x300.jpg 400w, https:\/\/www.horda-azzuro.de\/cms\/wp-content\/uploads\/2020\/06\/IMG_6932-800x600.jpg 800w\" sizes=\"auto, (max-width: 1024px) 100vw, 1024px\" \/><\/figure>\n\n\n\n<p><br><br><br>Saalfeld<\/p>\n\n\n\n<figure class=\"wp-block-image size-large\"><img loading=\"lazy\" decoding=\"async\" width=\"1024\" height=\"768\" src=\"http:\/\/www.horda-azzuro.de\/cms\/wp-content\/uploads\/2020\/06\/IMG_7851-1024x768.jpg\" alt=\"\" class=\"wp-image-17726\" srcset=\"https:\/\/www.horda-azzuro.de\/cms\/wp-content\/uploads\/2020\/06\/IMG_7851-1024x768.jpg 1024w, https:\/\/www.horda-azzuro.de\/cms\/wp-content\/uploads\/2020\/06\/IMG_7851-300x225.jpg 300w, https:\/\/www.horda-azzuro.de\/cms\/wp-content\/uploads\/2020\/06\/IMG_7851-768x576.jpg 768w, https:\/\/www.horda-azzuro.de\/cms\/wp-content\/uploads\/2020\/06\/IMG_7851-1536x1152.jpg 1536w, https:\/\/www.horda-azzuro.de\/cms\/wp-content\/uploads\/2020\/06\/IMG_7851-2048x1536.jpg 2048w, https:\/\/www.horda-azzuro.de\/cms\/wp-content\/uploads\/2020\/06\/IMG_7851-1870x1403.jpg 1870w, https:\/\/www.horda-azzuro.de\/cms\/wp-content\/uploads\/2020\/06\/IMG_7851-400x300.jpg 400w, https:\/\/www.horda-azzuro.de\/cms\/wp-content\/uploads\/2020\/06\/IMG_7851-800x600.jpg 800w\" sizes=\"auto, (max-width: 1024px) 100vw, 1024px\" \/><\/figure>\n\n\n\n<p><br><br><br>Stadtroda<\/p>\n\n\n\n<figure class=\"wp-block-image size-large\"><img loading=\"lazy\" decoding=\"async\" width=\"1024\" height=\"768\" src=\"http:\/\/www.horda-azzuro.de\/cms\/wp-content\/uploads\/2020\/06\/IMG_20200605_182019-1024x768.jpg\" alt=\"\" class=\"wp-image-17727\" srcset=\"https:\/\/www.horda-azzuro.de\/cms\/wp-content\/uploads\/2020\/06\/IMG_20200605_182019-1024x768.jpg 1024w, https:\/\/www.horda-azzuro.de\/cms\/wp-content\/uploads\/2020\/06\/IMG_20200605_182019-300x225.jpg 300w, https:\/\/www.horda-azzuro.de\/cms\/wp-content\/uploads\/2020\/06\/IMG_20200605_182019-768x576.jpg 768w, https:\/\/www.horda-azzuro.de\/cms\/wp-content\/uploads\/2020\/06\/IMG_20200605_182019-1536x1152.jpg 1536w, https:\/\/www.horda-azzuro.de\/cms\/wp-content\/uploads\/2020\/06\/IMG_20200605_182019-2048x1536.jpg 2048w, https:\/\/www.horda-azzuro.de\/cms\/wp-content\/uploads\/2020\/06\/IMG_20200605_182019-1870x1403.jpg 1870w, https:\/\/www.horda-azzuro.de\/cms\/wp-content\/uploads\/2020\/06\/IMG_20200605_182019-400x300.jpg 400w, https:\/\/www.horda-azzuro.de\/cms\/wp-content\/uploads\/2020\/06\/IMG_20200605_182019-800x600.jpg 800w\" sizes=\"auto, (max-width: 1024px) 100vw, 1024px\" \/><\/figure>\n\n\n\n<p><br><br><\/p>\n<div class='avc_visit_counter_front_simple' style=\" width: 100%; max-width: 300px; border: 2px solid #000000; color:#000000; background-color:#ffffff; border-radius: 0px; float: left; padding: 5px\">  <\/div>","protected":false},"excerpt":{"rendered":"<p>\u201eAlles ist der Eintopf\u201c \u2026mit diesen Worten verabschiedete ein Mithelfender der Tafel in Schleiz unsere Regionsgruppe nach der \u00dcbergabe von kiloweise Margarine, Raps\u00f6l, Cornflakes, Sp\u00fclmittel und eben Doseneint\u00f6pfen. In den inzwischen 10 Aktionswochen ist man sich gegenseitig ans Herz gewachsen und hat gro\u00dfe Freude \u00fcber die Leidenschaft des jeweils Anderen entwickelt. Jede\/r auf seine\/ihre Weise [&hellip;]<\/p>\n","protected":false},"author":2,"featured_media":10827,"comment_status":"closed","ping_status":"closed","sticky":false,"template":"","format":"standard","meta":{"ngg_post_thumbnail":0,"footnotes":""},"categories":[1],"tags":[],"class_list":["post-17713","post","type-post","status-publish","format-standard","has-post-thumbnail","hentry","category-allgemein","has-thumbnail"],"_links":{"self":[{"href":"https:\/\/www.horda-azzuro.de\/cms\/index.php?rest_route=\/wp\/v2\/posts\/17713","targetHints":{"allow":["GET"]}}],"collection":[{"href":"https:\/\/www.horda-azzuro.de\/cms\/index.php?rest_route=\/wp\/v2\/posts"}],"about":[{"href":"https:\/\/www.horda-azzuro.de\/cms\/index.php?rest_route=\/wp\/v2\/types\/post"}],"author":[{"embeddable":true,"href":"https:\/\/www.horda-azzuro.de\/cms\/index.php?rest_route=\/wp\/v2\/users\/2"}],"replies":[{"embeddable":true,"href":"https:\/\/www.horda-azzuro.de\/cms\/index.php?rest_route=%2Fwp%2Fv2%2Fcomments&post=17713"}],"version-history":[{"count":1,"href":"https:\/\/www.horda-azzuro.de\/cms\/index.php?rest_route=\/wp\/v2\/posts\/17713\/revisions"}],"predecessor-version":[{"id":17728,"href":"https:\/\/www.horda-azzuro.de\/cms\/index.php?rest_route=\/wp\/v2\/posts\/17713\/revisions\/17728"}],"wp:featuredmedia":[{"embeddable":true,"href":"https:\/\/www.horda-azzuro.de\/cms\/index.php?rest_route=\/wp\/v2\/media\/10827"}],"wp:attachment":[{"href":"https:\/\/www.horda-azzuro.de\/cms\/index.php?rest_route=%2Fwp%2Fv2%2Fmedia&parent=17713"}],"wp:term":[{"taxonomy":"category","embeddable":true,"href":"https:\/\/www.horda-azzuro.de\/cms\/index.php?rest_route=%2Fwp%2Fv2%2Fcategories&post=17713"},{"taxonomy":"post_tag","embeddable":true,"href":"https:\/\/www.horda-azzuro.de\/cms\/index.php?rest_route=%2Fwp%2Fv2%2Ftags&post=17713"}],"curies":[{"name":"wp","href":"https:\/\/api.w.org\/{rel}","templated":true}]}}