{"id":39246,"date":"2021-05-15T22:50:21","date_gmt":"2021-05-15T20:50:21","guid":{"rendered":"http:\/\/www.horda-azzuro.de\/cms\/?p=39246"},"modified":"2021-05-15T22:50:21","modified_gmt":"2021-05-15T20:50:21","slug":"118-jahre-fc-carl-zeiss-teil-2","status":"publish","type":"post","link":"https:\/\/www.horda-azzuro.de\/cms\/?p=39246","title":{"rendered":"118 JAHRE FC CARL ZEISS | Teil 2"},"content":{"rendered":"\n<p>Im zweiten Teil unserer visuellen Aufbereitung des Vereinsgeburtstages geben wir einen \u00dcberblick \u00fcber die Gru\u00dfbotschaften der Mitglieder. Nicht nur aus der Stadt selbst, sondern auch aus den verschiedenen miteinander verbundenen Regionen.<\/p>\n\n\n\n<p>Bei ehrlicher Betrachtung kommen wir trotz des Stolzes auf das begangene Jubil\u00e4um nicht umhin, mit Scham auf die bisherigen Vereinsgeburtstage zur\u00fcck zu blicken. Dies und andere Themenschwerpunkte haben wir anl\u00e4sslich des Einhundertachtzehnten in eine Festschrift f\u00fcr die Mitglieder und Fans verarbeitet &#8211; in der Hoffnung auf ein kollektives Erwachen und das Entwickeln eines st\u00e4rkeren Bewusstsein f\u00fcr dieses und viele andere vereinspolitische und vereinskulturelle Themen.<\/p>\n\n\n\n<p><strong>WIR SIND MEHR ALS EINE VERKAUFTE TOCHTER, BLINDE GREMIEN UND HASHTAGS!<\/strong><\/p>\n\n\n\n<figure class=\"wp-block-image size-large\"><img loading=\"lazy\" decoding=\"async\" width=\"1024\" height=\"683\" src=\"http:\/\/www.horda-azzuro.de\/cms\/wp-content\/uploads\/2021\/05\/DSCF5574-1024x683.jpg\" alt=\"\" class=\"wp-image-39313\" srcset=\"https:\/\/www.horda-azzuro.de\/cms\/wp-content\/uploads\/2021\/05\/DSCF5574-1024x683.jpg 1024w, https:\/\/www.horda-azzuro.de\/cms\/wp-content\/uploads\/2021\/05\/DSCF5574-300x200.jpg 300w, https:\/\/www.horda-azzuro.de\/cms\/wp-content\/uploads\/2021\/05\/DSCF5574-768x512.jpg 768w, https:\/\/www.horda-azzuro.de\/cms\/wp-content\/uploads\/2021\/05\/DSCF5574-1536x1024.jpg 1536w, https:\/\/www.horda-azzuro.de\/cms\/wp-content\/uploads\/2021\/05\/DSCF5574-2048x1365.jpg 2048w, https:\/\/www.horda-azzuro.de\/cms\/wp-content\/uploads\/2021\/05\/DSCF5574-1870x1247.jpg 1870w, https:\/\/www.horda-azzuro.de\/cms\/wp-content\/uploads\/2021\/05\/DSCF5574-400x267.jpg 400w, https:\/\/www.horda-azzuro.de\/cms\/wp-content\/uploads\/2021\/05\/DSCF5574-800x533.jpg 800w\" sizes=\"auto, (max-width: 1024px) 100vw, 1024px\" \/><\/figure>\n\n\n\n<figure class=\"wp-block-image size-large\"><img loading=\"lazy\" decoding=\"async\" width=\"1024\" height=\"683\" src=\"http:\/\/www.horda-azzuro.de\/cms\/wp-content\/uploads\/2021\/05\/DSCF5577-1024x683.jpg\" alt=\"\" class=\"wp-image-39314\" srcset=\"https:\/\/www.horda-azzuro.de\/cms\/wp-content\/uploads\/2021\/05\/DSCF5577-1024x683.jpg 1024w, https:\/\/www.horda-azzuro.de\/cms\/wp-content\/uploads\/2021\/05\/DSCF5577-300x200.jpg 300w, https:\/\/www.horda-azzuro.de\/cms\/wp-content\/uploads\/2021\/05\/DSCF5577-768x512.jpg 768w, https:\/\/www.horda-azzuro.de\/cms\/wp-content\/uploads\/2021\/05\/DSCF5577-1536x1024.jpg 1536w, https:\/\/www.horda-azzuro.de\/cms\/wp-content\/uploads\/2021\/05\/DSCF5577-2048x1365.jpg 2048w, https:\/\/www.horda-azzuro.de\/cms\/wp-content\/uploads\/2021\/05\/DSCF5577-1870x1247.jpg 1870w, https:\/\/www.horda-azzuro.de\/cms\/wp-content\/uploads\/2021\/05\/DSCF5577-400x267.jpg 400w, https:\/\/www.horda-azzuro.de\/cms\/wp-content\/uploads\/2021\/05\/DSCF5577-800x533.jpg 800w\" sizes=\"auto, (max-width: 1024px) 100vw, 1024px\" \/><\/figure>\n\n\n\nngg_shortcode_0_placeholder\n\n\n\n<p>Ein spezieller Gru\u00df geht an die Beamten der Th\u00fcringer Landespolizei. Ihr seid nicht nur die Feinde der Kurve, sondern habt mit respektlosem und willk\u00fcrlichen Verhalten gegen\u00fcber unserem Verein und seinen Mitgliedern auch ein offenbarendes Signal entsendet. Ein staatlicher Fu\u00dftritt gegen alle Mitglieder dieses 118 Jahre alten Vereins. Ihr dreckigen moralischen Versager! <strong>ACAB!<\/strong><\/p>\n<div class='avc_visit_counter_front_simple' style=\" width: 100%; max-width: 300px; border: 2px solid #000000; color:#000000; background-color:#ffffff; border-radius: 0px; float: left; padding: 5px\">  <\/div>","protected":false},"excerpt":{"rendered":"<p>Im zweiten Teil unserer visuellen Aufbereitung des Vereinsgeburtstages geben wir einen \u00dcberblick \u00fcber die Gru\u00dfbotschaften der Mitglieder. Nicht nur aus der Stadt selbst, sondern auch aus den verschiedenen miteinander verbundenen Regionen. Bei ehrlicher Betrachtung kommen wir trotz des Stolzes auf das begangene Jubil\u00e4um nicht umhin, mit Scham auf die bisherigen Vereinsgeburtstage zur\u00fcck zu blicken. Dies [&hellip;]<\/p>\n","protected":false},"author":2,"featured_media":39347,"comment_status":"closed","ping_status":"closed","sticky":false,"template":"","format":"standard","meta":{"ngg_post_thumbnail":0,"footnotes":""},"categories":[1],"tags":[],"class_list":["post-39246","post","type-post","status-publish","format-standard","has-post-thumbnail","hentry","category-allgemein","has-thumbnail"],"_links":{"self":[{"href":"https:\/\/www.horda-azzuro.de\/cms\/index.php?rest_route=\/wp\/v2\/posts\/39246","targetHints":{"allow":["GET"]}}],"collection":[{"href":"https:\/\/www.horda-azzuro.de\/cms\/index.php?rest_route=\/wp\/v2\/posts"}],"about":[{"href":"https:\/\/www.horda-azzuro.de\/cms\/index.php?rest_route=\/wp\/v2\/types\/post"}],"author":[{"embeddable":true,"href":"https:\/\/www.horda-azzuro.de\/cms\/index.php?rest_route=\/wp\/v2\/users\/2"}],"replies":[{"embeddable":true,"href":"https:\/\/www.horda-azzuro.de\/cms\/index.php?rest_route=%2Fwp%2Fv2%2Fcomments&post=39246"}],"version-history":[{"count":3,"href":"https:\/\/www.horda-azzuro.de\/cms\/index.php?rest_route=\/wp\/v2\/posts\/39246\/revisions"}],"predecessor-version":[{"id":39346,"href":"https:\/\/www.horda-azzuro.de\/cms\/index.php?rest_route=\/wp\/v2\/posts\/39246\/revisions\/39346"}],"wp:featuredmedia":[{"embeddable":true,"href":"https:\/\/www.horda-azzuro.de\/cms\/index.php?rest_route=\/wp\/v2\/media\/39347"}],"wp:attachment":[{"href":"https:\/\/www.horda-azzuro.de\/cms\/index.php?rest_route=%2Fwp%2Fv2%2Fmedia&parent=39246"}],"wp:term":[{"taxonomy":"category","embeddable":true,"href":"https:\/\/www.horda-azzuro.de\/cms\/index.php?rest_route=%2Fwp%2Fv2%2Fcategories&post=39246"},{"taxonomy":"post_tag","embeddable":true,"href":"https:\/\/www.horda-azzuro.de\/cms\/index.php?rest_route=%2Fwp%2Fv2%2Ftags&post=39246"}],"curies":[{"name":"wp","href":"https:\/\/api.w.org\/{rel}","templated":true}]}}