{"id":39348,"date":"2021-05-17T22:38:44","date_gmt":"2021-05-17T20:38:44","guid":{"rendered":"http:\/\/www.horda-azzuro.de\/cms\/?p=39348"},"modified":"2021-05-17T22:42:01","modified_gmt":"2021-05-17T20:42:01","slug":"118-jahre-fc-carl-zeiss-teil-3","status":"publish","type":"post","link":"https:\/\/www.horda-azzuro.de\/cms\/?p=39348","title":{"rendered":"118 JAHRE FC CARL ZEISS | Teil 3"},"content":{"rendered":"\n<blockquote class=\"wp-block-quote is-layout-flow wp-block-quote-is-layout-flow\"><p>[&#8230;] <em>Die Charakterisierung und Wahrnehmung des FCC ist fast ausschlie\u00dflich gepr\u00e4gt vom Schicksal der ersten Mannschaft. Die Mitglieder und Freunde des FCC haben das \u00fcber Jahrzehnte zugelassen, die gew\u00e4hlten Gremienvertreter haben weder eigenes Interesse an einer vereinskulturellen Weiterentwicklung unseres Clubs, noch sp\u00fcrten sie bis dato irgendeine Form von Druck von der Mitgliederbasis. Daher ist es auch nicht korrekt, Schuldige zu suchen. Wenn, dann sind wir alle in der Pflicht. DER VEREIN ist nicht das Pr\u00e4sidium oder andere gew\u00e4hlte bzw. berufene Menschen, sondern wir gemeinsam. Und wenn vertrocknete Erde zu unseren F\u00fc\u00dfen liegt, dann sind wir alle die G\u00e4rtner\u2026<\/em><\/p><p><em>Es liegt nun an uns, vor diesem Problem nicht l\u00e4nger die Augen zu verschlie\u00dfen. Was \u00fcber Jahre nicht lief, wird nicht von allein werden. Dabei ist es sicher ratsam, nicht verkrampft von heute auf morgen die Welt einrei\u00dfen zu wollen. Auch die Aktivit\u00e4ten der S\u00fcdkurve in diesem Jahr sollen nur einen ersten kleinen Anfang symbolisieren und nicht zuletzt zun\u00e4chst nach innen in die Fanszene ausstrahlen und dort Wirkung erzielen. Und wer wei\u00df, vielleicht bietet sich dadurch auch ein Stein des Ansto\u00dfes und es gelingt, \u00fcber den Vereinsgeburtstag die Antennen bei anderen Vereinsmitgliedern f\u00fcr all\u2018 das zu sensibilisieren, was au\u00dferhalb der Spieltage in unserer blaugelbwei\u00dfen Welt m\u00f6glich ist.<\/em><\/p><p><em>Nicht zuletzt haben wir auch die Aufgabe, nachwachsenden Fan- und Mitglieder-Generationen einen FC Carl Zeiss anzubieten, der sich nicht zu sehr abh\u00e4ngig macht von der Tageseinstellung, Laune und Motivation von beratergesteuerten Vereinsnomaden. <\/em><\/p><p><\/p><p><em><strong>Alles was wir tun, sollten wir f\u00fcr das gro\u00dfe Ganze tun. Fussball! Und noch viel mehr!<\/strong><\/em>[&#8230;]<\/p><cite>Aus Festschrift anl\u00e4sslich des 118. Geburtstag des FC Carl Zeiss<\/cite><\/blockquote>\n\n\n\n<figure class=\"wp-block-image alignfull size-large\"><img loading=\"lazy\" decoding=\"async\" width=\"1024\" height=\"683\" src=\"http:\/\/www.horda-azzuro.de\/cms\/wp-content\/uploads\/2021\/05\/DSCF5591-1024x683.jpg\" alt=\"\" class=\"wp-image-39349\" srcset=\"https:\/\/www.horda-azzuro.de\/cms\/wp-content\/uploads\/2021\/05\/DSCF5591-1024x683.jpg 1024w, https:\/\/www.horda-azzuro.de\/cms\/wp-content\/uploads\/2021\/05\/DSCF5591-300x200.jpg 300w, https:\/\/www.horda-azzuro.de\/cms\/wp-content\/uploads\/2021\/05\/DSCF5591-768x512.jpg 768w, https:\/\/www.horda-azzuro.de\/cms\/wp-content\/uploads\/2021\/05\/DSCF5591-1536x1024.jpg 1536w, https:\/\/www.horda-azzuro.de\/cms\/wp-content\/uploads\/2021\/05\/DSCF5591-2048x1365.jpg 2048w, https:\/\/www.horda-azzuro.de\/cms\/wp-content\/uploads\/2021\/05\/DSCF5591-1870x1247.jpg 1870w, https:\/\/www.horda-azzuro.de\/cms\/wp-content\/uploads\/2021\/05\/DSCF5591-400x267.jpg 400w, https:\/\/www.horda-azzuro.de\/cms\/wp-content\/uploads\/2021\/05\/DSCF5591-800x533.jpg 800w\" sizes=\"auto, (max-width: 1024px) 100vw, 1024px\" \/><\/figure>\n<div class='avc_visit_counter_front_simple' style=\" width: 100%; max-width: 300px; border: 2px solid #000000; color:#000000; background-color:#ffffff; border-radius: 0px; float: left; padding: 5px\">  <\/div>","protected":false},"excerpt":{"rendered":"<p>[&#8230;] Die Charakterisierung und Wahrnehmung des FCC ist fast ausschlie\u00dflich gepr\u00e4gt vom Schicksal der ersten Mannschaft. Die Mitglieder und Freunde des FCC haben das \u00fcber Jahrzehnte zugelassen, die gew\u00e4hlten Gremienvertreter haben weder eigenes Interesse an einer vereinskulturellen Weiterentwicklung unseres Clubs, noch sp\u00fcrten sie bis dato irgendeine Form von Druck von der Mitgliederbasis. Daher ist es [&hellip;]<\/p>\n","protected":false},"author":2,"featured_media":39350,"comment_status":"closed","ping_status":"closed","sticky":false,"template":"","format":"standard","meta":{"ngg_post_thumbnail":0,"footnotes":""},"categories":[1],"tags":[],"class_list":["post-39348","post","type-post","status-publish","format-standard","has-post-thumbnail","hentry","category-allgemein","has-thumbnail"],"_links":{"self":[{"href":"https:\/\/www.horda-azzuro.de\/cms\/index.php?rest_route=\/wp\/v2\/posts\/39348","targetHints":{"allow":["GET"]}}],"collection":[{"href":"https:\/\/www.horda-azzuro.de\/cms\/index.php?rest_route=\/wp\/v2\/posts"}],"about":[{"href":"https:\/\/www.horda-azzuro.de\/cms\/index.php?rest_route=\/wp\/v2\/types\/post"}],"author":[{"embeddable":true,"href":"https:\/\/www.horda-azzuro.de\/cms\/index.php?rest_route=\/wp\/v2\/users\/2"}],"replies":[{"embeddable":true,"href":"https:\/\/www.horda-azzuro.de\/cms\/index.php?rest_route=%2Fwp%2Fv2%2Fcomments&post=39348"}],"version-history":[{"count":3,"href":"https:\/\/www.horda-azzuro.de\/cms\/index.php?rest_route=\/wp\/v2\/posts\/39348\/revisions"}],"predecessor-version":[{"id":39353,"href":"https:\/\/www.horda-azzuro.de\/cms\/index.php?rest_route=\/wp\/v2\/posts\/39348\/revisions\/39353"}],"wp:featuredmedia":[{"embeddable":true,"href":"https:\/\/www.horda-azzuro.de\/cms\/index.php?rest_route=\/wp\/v2\/media\/39350"}],"wp:attachment":[{"href":"https:\/\/www.horda-azzuro.de\/cms\/index.php?rest_route=%2Fwp%2Fv2%2Fmedia&parent=39348"}],"wp:term":[{"taxonomy":"category","embeddable":true,"href":"https:\/\/www.horda-azzuro.de\/cms\/index.php?rest_route=%2Fwp%2Fv2%2Fcategories&post=39348"},{"taxonomy":"post_tag","embeddable":true,"href":"https:\/\/www.horda-azzuro.de\/cms\/index.php?rest_route=%2Fwp%2Fv2%2Ftags&post=39348"}],"curies":[{"name":"wp","href":"https:\/\/api.w.org\/{rel}","templated":true}]}}