{"id":39355,"date":"2021-07-01T13:49:14","date_gmt":"2021-07-01T11:49:14","guid":{"rendered":"http:\/\/www.horda-azzuro.de\/cms\/?p=39355"},"modified":"2021-07-01T13:49:15","modified_gmt":"2021-07-01T11:49:15","slug":"gegendarstellung-berichterstattung-01-07-2021","status":"publish","type":"post","link":"https:\/\/www.horda-azzuro.de\/cms\/?p=39355","title":{"rendered":"Gegendarstellung Berichterstattung 01.07.2021"},"content":{"rendered":"\n<p><strong><u>Pressemitteilung Blau-Gelb-Wei\u00dfe Hilfe e.V., 01. Juli 2021<\/u><\/strong><\/p>\n\n\n\n<p>In den Morgenstunden des 01. Juli 2021 kam es in Jena zu mehreren Hausdurchsuchungen aufgrund des Tatvorwurfs des schweren Landfriedensbruchs. Den betroffenen Personen wird vorgeworfen, am 13. M\u00e4rz 2021 in der Jenaer Innenstadt mehrere Gesch\u00e4fte bespr\u00fcht und besch\u00e4digt zu haben. Bereits am Vormittag des entsprechenden Tages berichteten unterschiedliche Presseh\u00e4user von \u201eHausdurchsuchungen in der Jenaer Ultr\u00e0szene\u201c. Die entsprechenden Artikel basierten ausschlie\u00dflich auf Aussagen und Stellungnahmen der Th\u00fcringer Polizei. Betroffene und\/oder deren rechtliche Vertreter*innen wurden zu den Vorw\u00fcrfen nicht angeh\u00f6rt, stattdessen wurde pauschal die Jenaer Fanszene und insbesondere die Gruppen Horda Azzuro und HArakiri durch namentliche Nennung vonseiten der Polizei gezielt diffamiert.<\/p>\n\n\n\n<p>Die Blau-Gelb-Wei\u00dfe Hilfe e.V. verurteilt dieses diffamierende Vorgehen der Polizei auf das Sch\u00e4rfste! Offensichtlich geht es den &nbsp;ermittelnden Beh\u00f6rden einzig und allein darum, politische Straftaten in den Fu\u00dfballkontext einzubetten und gezielt Stimmung gegen die gesamte aktive Fanszene des FC Carl Zeiss Jena zu machen. Dabei scheint jedes Mittel recht zu sein, um selbst bei Ereignissen, die nichts mit dem FC Carl Zeiss Jena zu tun haben, einen konkreten Bezug zur aktiven Fanszene des FC Carl Zeiss Jena herzustellen. Die Blau-Gelb-Wei\u00dfe Hilfe e.V. empfindet dieses Vorgehen als absolut respekt- und piet\u00e4tslos gegen\u00fcber dem FC Carl Zeiss Jena, allen aktiven Fans des Vereins und allen Mitstreiter*innen der tats\u00e4chlich in der Presseerkl\u00e4rung genannten Gruppen. Die absurden Unterstellungen, dass gerade diejenigen Fans, welche w\u00f6chentlich im eigenen und fremden Stadien f\u00fcr die eigene Stadt eintreten, nun f\u00fcr gezielte Sachsch\u00e4den und organisierte Angriffe verantwortlich sein sollen, entbehren jeder Grundlage.<\/p>\n\n\n\n<p>Jetzt, wo die Polizei im Rahmen der FCC-Spiele keine Konfrontation mit den Fans mehr suchen und dementsprechend keine rei\u00dferischen Schlagzeilen mehr produzieren kann, soll dieser Weg gegangen werden, um die aktive Fanszene des FC Carl Zeiss Jena zu sch\u00e4digen.<\/p>\n\n\n\n<p>Wir als Blau-Gelb-Wei\u00dfe Hilfe e.V. stellen uns diesem Vorgehen der Polizei entgegen und kritisieren zudem den einseitigen Informationsfluss in Richtung der Presseh\u00e4user, in denen die von der Polizei get\u00e4tigten Aussagen unkommentiert aufgenommen und ver\u00f6ffentlicht wurden. Vor allem aber stehen wir solidarisch zu den Betroffenen, deren Wohn- und Schlafzimmer durchw\u00fchlt worden sind, obwohl ihnen eine Tatbeteiligung unerkl\u00e4rlich und zu Unrecht vorgeworfen wird. Wir hoffen, dass die gezielte Diffamierung des FCC und gezielte Angriffe auf seine Fans nicht Schule machen und zur Regelm\u00e4\u00dfigkeit verkommt.<\/p>\n\n\n\n<p><strong>Blau-Gelb-Wei\u00dfe Hilfe e.V., 01. Juli 2021<\/strong><\/p>\n<div class='avc_visit_counter_front_simple' style=\" width: 100%; max-width: 300px; border: 2px solid #000000; color:#000000; background-color:#ffffff; border-radius: 0px; float: left; padding: 5px\">  <\/div>","protected":false},"excerpt":{"rendered":"<p>Pressemitteilung Blau-Gelb-Wei\u00dfe Hilfe e.V., 01. Juli 2021 In den Morgenstunden des 01. Juli 2021 kam es in Jena zu mehreren Hausdurchsuchungen aufgrund des Tatvorwurfs des schweren Landfriedensbruchs. Den betroffenen Personen wird vorgeworfen, am 13. M\u00e4rz 2021 in der Jenaer Innenstadt mehrere Gesch\u00e4fte bespr\u00fcht und besch\u00e4digt zu haben. Bereits am Vormittag des entsprechenden Tages berichteten unterschiedliche [&hellip;]<\/p>\n","protected":false},"author":2,"featured_media":0,"comment_status":"closed","ping_status":"closed","sticky":false,"template":"","format":"standard","meta":{"ngg_post_thumbnail":0,"footnotes":""},"categories":[1],"tags":[],"class_list":["post-39355","post","type-post","status-publish","format-standard","hentry","category-allgemein","missing-thumbnail"],"_links":{"self":[{"href":"https:\/\/www.horda-azzuro.de\/cms\/index.php?rest_route=\/wp\/v2\/posts\/39355","targetHints":{"allow":["GET"]}}],"collection":[{"href":"https:\/\/www.horda-azzuro.de\/cms\/index.php?rest_route=\/wp\/v2\/posts"}],"about":[{"href":"https:\/\/www.horda-azzuro.de\/cms\/index.php?rest_route=\/wp\/v2\/types\/post"}],"author":[{"embeddable":true,"href":"https:\/\/www.horda-azzuro.de\/cms\/index.php?rest_route=\/wp\/v2\/users\/2"}],"replies":[{"embeddable":true,"href":"https:\/\/www.horda-azzuro.de\/cms\/index.php?rest_route=%2Fwp%2Fv2%2Fcomments&post=39355"}],"version-history":[{"count":1,"href":"https:\/\/www.horda-azzuro.de\/cms\/index.php?rest_route=\/wp\/v2\/posts\/39355\/revisions"}],"predecessor-version":[{"id":39356,"href":"https:\/\/www.horda-azzuro.de\/cms\/index.php?rest_route=\/wp\/v2\/posts\/39355\/revisions\/39356"}],"wp:attachment":[{"href":"https:\/\/www.horda-azzuro.de\/cms\/index.php?rest_route=%2Fwp%2Fv2%2Fmedia&parent=39355"}],"wp:term":[{"taxonomy":"category","embeddable":true,"href":"https:\/\/www.horda-azzuro.de\/cms\/index.php?rest_route=%2Fwp%2Fv2%2Fcategories&post=39355"},{"taxonomy":"post_tag","embeddable":true,"href":"https:\/\/www.horda-azzuro.de\/cms\/index.php?rest_route=%2Fwp%2Fv2%2Ftags&post=39355"}],"curies":[{"name":"wp","href":"https:\/\/api.w.org\/{rel}","templated":true}]}}