{"id":39422,"date":"2021-07-11T18:19:01","date_gmt":"2021-07-11T16:19:01","guid":{"rendered":"http:\/\/www.horda-azzuro.de\/cms\/?p=39422"},"modified":"2021-07-11T18:22:41","modified_gmt":"2021-07-11T16:22:41","slug":"nein-zur-spieltagszerstueckelung-der-regionalliga-nordost","status":"publish","type":"post","link":"https:\/\/www.horda-azzuro.de\/cms\/?p=39422","title":{"rendered":"NEIN ZUR SPIELTAGSZERST\u00dcCKELUNG DER REGIONALLIGA NORDOST"},"content":{"rendered":"\n<p>Noch vor der offiziellen Bekanntgabe der ersten konkreten Ansetzungen f\u00fcr die anstehende Regionalliga-Spielzeit zeichnet sich eine umfangreiche Ver\u00e4nderung der Spieltags-Terminierungen ab.<\/p>\n\n\n\n<p>Auf Basis des neuen TV-Vertrages zur Regionalliga Nordost erh\u00e4lt das neu gegr\u00fcndete Unternehmen \u201eOstsport.tv\u201c die vormals beim MDR geb\u00fcndelten \u00dcbertragungsrechte.<\/p>\n\n\n\n<p>Inzwischen ist bekannt, dass diese Partnerschaft deutliche Einschnitte f\u00fcr die Stadionzuschauer mit sich bringen soll, welchen wir uns geschlossen und konsequent entgegenstellen. Trotz bis dato ausbleibender Kommunikation seitens NOFV und Rechteinhaber soll schon jetzt feststehen, dass die Ansetzungen vom Standard-Termin 14 Uhr abweichen k\u00f6nnen und werden. Demnach sieht der Plan vor, dass die Spiele fortan mindestens zu zwei verschiedenen Uhrzeiten angepfiffen werden: mittags um 12 Uhr und nachmittags um 16 Uhr sind bereits belegt. Bekannt ist zudem, dass es dabei nicht bleiben wird und dadurch Vereine und Stadionbesucher zum Spielball der Vermarktungsinteressen werden.<\/p>\n\n\n\n<p>Das Ziel dahinter ist klar: Die Zerst\u00fcckelung erm\u00f6glicht es dem TV-Sender, mehr Spiele exklusiv live auszustrahlen. Damit verbunden ist in erster Linie der Wunsch, das Investment durch den Verkauf von Werbeslots zu sichern und mit dem \u201ePremiumprodukt\u201c (Zitat NOFV-Pr\u00e4sident Hermann Winkler) Kasse zu machen.<\/p>\n\n\n\n<p>Die beteiligten Clubs erhalten nach aktuellem Stand weniger als 15.000\u20ac pro Saison vom Vertragsvolumen, sollen sich aber bitte auf Grund der Laufzeit \u00fcber \u201ePlanungssicherheit\u201c freuen.<\/p>\n\n\n\n<p>In der Regionalliga Nordost tummeln sich ausnahmslos Vereine, bei denen w\u00f6chentliche Zuschauereinnahmen zu den wichtigsten Posten im Saisonetat z\u00e4hlen. Dementsprechend wichtig sind stabile Zuschauerzahlen f\u00fcr die Finanzierung des Spielbetriebs. Die ohnehin schwankenden Einnahmen (auch unabh\u00e4ngig von pandemiebedingten Einschr\u00e4nkungen) werden durch die neue Ansetzungspolitik des NOFV in einem nicht annehmbaren Ma\u00dfe gef\u00e4hrdet. Zwei zentrale Fakten bez\u00fcglich dieses Aspektes geben hier Anlass, eine Abkehr zu fordern:<\/p>\n\n\n\n<ul class=\"wp-block-list\"><li>Ansto\u00dfzeiten um 12 Uhr und 16 Uhr sind f\u00fcr viele Anh\u00e4nger und Mitglieder deutlich schwerer zu realisieren als der etablierte Anpfiff um 14 Uhr. Zur Mittagszeit macht Sport weder aktiv noch passiv Sinn, ein Abpfiff gegen 18 Uhr ist u.a. f\u00fcr Familien ausgesprochen unattraktiv<\/li><li>der w\u00f6chentliche Kampf der Vereine um das Interesse potentieller bzw. unregelm\u00e4\u00dfiger Stadiong\u00e4nger wird durch die Verschiebung und Instabilit\u00e4t der Ansto\u00dfzeiten deutlich erschwert<\/li><\/ul>\n\n\n\n<p>Doch damit nicht genug: Wenn NOFV und TV-Anstalt(en) von einem \u201ePremiumprodukt\u201c sprechen, schlie\u00dft sich unweigerlich die Frage an, auf welcher Grundlage diese Einsch\u00e4tzung erfolgt. Die Vereine bewegen immer wieder hunderte und zum Teil tausende Anh\u00e4nger und Mitglieder. Fragt sich der Verband, welcher immer auch die Interessen der Vereine in Fragen der Liga-Vermarktung zu vertreten hat, wie diese Menschen in Zukunft ihren Verein bei Ausw\u00e4rtsspielen unterst\u00fctzen sollen, wenn 12 Uhr mittags in 300 Kilometer entfernten Stadien gespielt wird? Wie attraktiv ist die Liga noch, wenn Fans auf eine Anreise verzichten weil ein sp\u00e4ter Abpfiff keine Zugverbindung mehr erm\u00f6glicht? Wie planen Mitglieder der Vereine ihre Stadionbesuch in Einklang mit Arbeit und Familie, wenn die Ansto\u00dfzeiten kurzfristig und zu stets wechselnden Tageszeiten angesetzt werden?<\/p>\n\n\n\n<p>Hinter die bis dato kolportierte Zufriedenheit aller Vereine mit dem neuen TV-Konzept setzen wir auch ein deutliches Fragezeichen, da der Bogen \u00fcberspannt ist und der R\u00fcckfluss in keinem Verh\u00e4ltnis zu den realistischen Einnahmer\u00fcckg\u00e4ngen steht. \u00dcberdies ist es im Sinne der Vereine, m\u00f6glichst viele G\u00e4stefans anderer Vereine begr\u00fc\u00dfen zu k\u00f6nnen bzw. mit m\u00f6glichst vielen Anh\u00e4ngern ausw\u00e4rts zu fahren. Die neuen Ansto\u00dfzeiten erschweren dies in einem Ma\u00dfe, welches auch langfristig die Fankultur in den jeweiligen St\u00e4dten gef\u00e4hrdet. Fu\u00dfball wurde, wird und muss weiterhin in den Stadien gelebt, geliebt und gelitten werden. Es ist klar, dass keine Einbeziehung der Vereinsvertreter erfolgte, eher wurde \u00fcber die K\u00f6pfe hinweg entschieden und nun muss die fertige Konzeption mit Nachdruck durchgedr\u00fcckt werden.<\/p>\n\n\n\n<p>Es gilt, die geplante Spieltagszerst\u00fcckelung Schritt f\u00fcr Schritt r\u00fcckg\u00e4ngig zu machen, auch um damit ein Signal zu senden. H\u00f6here Ligen bzw. andere L\u00e4nder zeigen auf, wo die Reise hingehen kann, wenn nicht fr\u00fchzeitig interveniert wird.<\/p>\n\n\n\n<p>Heute ist klar: Die Vermarktungsinteressen stehen vor den Interessen der Stadionbesucher. Soweit gelten leider die Fakten des modernen Fu\u00dfballs. Ein Schulterschluss aller Beteiligter auf Seiten der Vereine muss in der Frage der Spieltagszerlegung greifen, um die niedrigschwellige M\u00f6glichkeit des Stadionbesuches nicht zu verspielen.<\/p>\n\n\n\n<p class=\"has-text-align-left\">Wir fordern daher eine konsequente R\u00fcckkehr zur Standard-Ansto\u00dfzeit samstags und sonntags um 14 Uhr, eine Abkehr von Gedankenspielen zu Montags-Ansetzungen und eine rechtzeitige Terminierung der Spieltage f\u00fcr eine fr\u00fchzeitige Planung der Heim- und Ausw\u00e4rtsspiele f\u00fcr Vereinsverantwortliche, Anh\u00e4nger und Mitglieder. Nicht n\u00e4chste Saison, nicht in vier Jahren. Jetzt!<\/p>\n\n\n\n<p>Was der NOFV als Produkt verkauft, ist unser Leben!<\/p>\n\n\n\n<p>Wir treten der Spieltagszerst\u00fcckelung konsequent entgegen!<\/p>\n\n\n\n<p><\/p>\n\n\n\n<p><strong>S\u00dcDKURVE-RAT FC CARL ZEISS JENA<\/strong><\/p>\n\n\n\n<p>11.07.2021<\/p>\n<div class='avc_visit_counter_front_simple' style=\" width: 100%; max-width: 300px; border: 2px solid #000000; color:#000000; background-color:#ffffff; border-radius: 0px; float: left; padding: 5px\">  <\/div>","protected":false},"excerpt":{"rendered":"<p>Noch vor der offiziellen Bekanntgabe der ersten konkreten Ansetzungen f\u00fcr die anstehende Regionalliga-Spielzeit zeichnet sich eine umfangreiche Ver\u00e4nderung der Spieltags-Terminierungen ab. Auf Basis des neuen TV-Vertrages zur Regionalliga Nordost erh\u00e4lt das neu gegr\u00fcndete Unternehmen \u201eOstsport.tv\u201c die vormals beim MDR geb\u00fcndelten \u00dcbertragungsrechte. Inzwischen ist bekannt, dass diese Partnerschaft deutliche Einschnitte f\u00fcr die Stadionzuschauer mit sich bringen [&hellip;]<\/p>\n","protected":false},"author":2,"featured_media":39424,"comment_status":"closed","ping_status":"closed","sticky":false,"template":"","format":"standard","meta":{"ngg_post_thumbnail":0,"footnotes":""},"categories":[1],"tags":[],"class_list":["post-39422","post","type-post","status-publish","format-standard","has-post-thumbnail","hentry","category-allgemein","has-thumbnail"],"_links":{"self":[{"href":"https:\/\/www.horda-azzuro.de\/cms\/index.php?rest_route=\/wp\/v2\/posts\/39422","targetHints":{"allow":["GET"]}}],"collection":[{"href":"https:\/\/www.horda-azzuro.de\/cms\/index.php?rest_route=\/wp\/v2\/posts"}],"about":[{"href":"https:\/\/www.horda-azzuro.de\/cms\/index.php?rest_route=\/wp\/v2\/types\/post"}],"author":[{"embeddable":true,"href":"https:\/\/www.horda-azzuro.de\/cms\/index.php?rest_route=\/wp\/v2\/users\/2"}],"replies":[{"embeddable":true,"href":"https:\/\/www.horda-azzuro.de\/cms\/index.php?rest_route=%2Fwp%2Fv2%2Fcomments&post=39422"}],"version-history":[{"count":1,"href":"https:\/\/www.horda-azzuro.de\/cms\/index.php?rest_route=\/wp\/v2\/posts\/39422\/revisions"}],"predecessor-version":[{"id":39423,"href":"https:\/\/www.horda-azzuro.de\/cms\/index.php?rest_route=\/wp\/v2\/posts\/39422\/revisions\/39423"}],"wp:featuredmedia":[{"embeddable":true,"href":"https:\/\/www.horda-azzuro.de\/cms\/index.php?rest_route=\/wp\/v2\/media\/39424"}],"wp:attachment":[{"href":"https:\/\/www.horda-azzuro.de\/cms\/index.php?rest_route=%2Fwp%2Fv2%2Fmedia&parent=39422"}],"wp:term":[{"taxonomy":"category","embeddable":true,"href":"https:\/\/www.horda-azzuro.de\/cms\/index.php?rest_route=%2Fwp%2Fv2%2Fcategories&post=39422"},{"taxonomy":"post_tag","embeddable":true,"href":"https:\/\/www.horda-azzuro.de\/cms\/index.php?rest_route=%2Fwp%2Fv2%2Ftags&post=39422"}],"curies":[{"name":"wp","href":"https:\/\/api.w.org\/{rel}","templated":true}]}}