{"id":39661,"date":"2021-12-27T23:28:27","date_gmt":"2021-12-27T22:28:27","guid":{"rendered":"http:\/\/www.horda-azzuro.de\/cms\/?p=39661"},"modified":"2021-12-27T23:28:27","modified_gmt":"2021-12-27T22:28:27","slug":"skfdz-zum-fest-geschenke-fuer-den-nachwuchs","status":"publish","type":"post","link":"https:\/\/www.horda-azzuro.de\/cms\/?p=39661","title":{"rendered":"SKfdZ zum Fest: Geschenke f\u00fcr den Nachwuchs"},"content":{"rendered":"\n<p>Im Rahmen des langj\u00e4hrigen und inzwischen fest in die Strukturen und Ziele der Fanszene integrierten Projektes &#8220;S\u00dcDKURVE F\u00dcR DIE ZUKUNFT&#8221; fand wenige Tage vor Heiligabend eine kurze, aber nicht unbedeutende Zusammenkunft im Ernst-Abbe-Sportfeld statt. <\/p>\n\n\n\n<p>Allen Nachwuchsteams unseres FC Carl Zeiss wurde ein gro\u00dfes Weihnachtsgeschenk \u00fcbergeben, um den Mannschaften, aber auch \u00fcber 300 einzelnen Kids und Jugendlichen etwas mit ins neue Jahr und dar\u00fcber hinaus auf den Weg zu geben. Dabei sollten kleine materielle und identifikationsstiftende Aufmerksamkeiten ebenso nicht zu kurz kommen, wie ausf\u00fchrliche und pers\u00f6nliche Botschaften in Wort und Bild.<\/p>\n\n\n\n<p>Die beiderseitige Wertsch\u00e4tzung war einmal mehr deutlich sp\u00fcrbar. Dies wird uns auch in den kommenden Monaten begleiten&#8230;<\/p>\n\n\n\n<p>&#8230;gemeinsam f\u00fcr eine noch stabilere Aufstellung und Ausstattung des eingetragenen Vereins im Allgemeinen, des Nachwuchsleistungszentrum im Speziellen und aller Aktiven.<\/p>\n\n\n\n<p><strong>S\u00dcDKURVE F\u00dcR DIE ZUKUNFT!<\/strong><\/p>\n\n\n\nngg_shortcode_0_placeholder\n<div class='avc_visit_counter_front_simple' style=\" width: 100%; max-width: 300px; border: 2px solid #000000; color:#000000; background-color:#ffffff; border-radius: 0px; float: left; padding: 5px\">  <\/div>","protected":false},"excerpt":{"rendered":"<p>Im Rahmen des langj\u00e4hrigen und inzwischen fest in die Strukturen und Ziele der Fanszene integrierten Projektes &#8220;S\u00dcDKURVE F\u00dcR DIE ZUKUNFT&#8221; fand wenige Tage vor Heiligabend eine kurze, aber nicht unbedeutende Zusammenkunft im Ernst-Abbe-Sportfeld statt. Allen Nachwuchsteams unseres FC Carl Zeiss wurde ein gro\u00dfes Weihnachtsgeschenk \u00fcbergeben, um den Mannschaften, aber auch \u00fcber 300 einzelnen Kids und [&hellip;]<\/p>\n","protected":false},"author":2,"featured_media":39671,"comment_status":"closed","ping_status":"closed","sticky":false,"template":"","format":"standard","meta":{"ngg_post_thumbnail":0,"footnotes":""},"categories":[1],"tags":[],"class_list":["post-39661","post","type-post","status-publish","format-standard","has-post-thumbnail","hentry","category-allgemein","has-thumbnail"],"_links":{"self":[{"href":"https:\/\/www.horda-azzuro.de\/cms\/index.php?rest_route=\/wp\/v2\/posts\/39661","targetHints":{"allow":["GET"]}}],"collection":[{"href":"https:\/\/www.horda-azzuro.de\/cms\/index.php?rest_route=\/wp\/v2\/posts"}],"about":[{"href":"https:\/\/www.horda-azzuro.de\/cms\/index.php?rest_route=\/wp\/v2\/types\/post"}],"author":[{"embeddable":true,"href":"https:\/\/www.horda-azzuro.de\/cms\/index.php?rest_route=\/wp\/v2\/users\/2"}],"replies":[{"embeddable":true,"href":"https:\/\/www.horda-azzuro.de\/cms\/index.php?rest_route=%2Fwp%2Fv2%2Fcomments&post=39661"}],"version-history":[{"count":2,"href":"https:\/\/www.horda-azzuro.de\/cms\/index.php?rest_route=\/wp\/v2\/posts\/39661\/revisions"}],"predecessor-version":[{"id":39673,"href":"https:\/\/www.horda-azzuro.de\/cms\/index.php?rest_route=\/wp\/v2\/posts\/39661\/revisions\/39673"}],"wp:featuredmedia":[{"embeddable":true,"href":"https:\/\/www.horda-azzuro.de\/cms\/index.php?rest_route=\/wp\/v2\/media\/39671"}],"wp:attachment":[{"href":"https:\/\/www.horda-azzuro.de\/cms\/index.php?rest_route=%2Fwp%2Fv2%2Fmedia&parent=39661"}],"wp:term":[{"taxonomy":"category","embeddable":true,"href":"https:\/\/www.horda-azzuro.de\/cms\/index.php?rest_route=%2Fwp%2Fv2%2Fcategories&post=39661"},{"taxonomy":"post_tag","embeddable":true,"href":"https:\/\/www.horda-azzuro.de\/cms\/index.php?rest_route=%2Fwp%2Fv2%2Ftags&post=39661"}],"curies":[{"name":"wp","href":"https:\/\/api.w.org\/{rel}","templated":true}]}}