{"id":39734,"date":"2022-03-15T20:34:10","date_gmt":"2022-03-15T19:34:10","guid":{"rendered":"http:\/\/www.horda-azzuro.de\/cms\/?p=39734"},"modified":"2022-03-15T20:34:10","modified_gmt":"2022-03-15T19:34:10","slug":"auswaertsspiel-bei-lichtenberg-47-suedkurve-zurueck-im-stadion","status":"publish","type":"post","link":"https:\/\/www.horda-azzuro.de\/cms\/?p=39734","title":{"rendered":"Ausw\u00e4rtsspiel bei Lichtenberg 47 &#8211; S\u00dcDKURVE zur\u00fcck im Stadion."},"content":{"rendered":"\n<p>Nach zwei Jahren pandemiebedingter Abstinenz konnte die S\u00dcDKURVE am 13. M\u00e4rz wieder als 12. Kraft dabei unterst\u00fctzen, unseren FC Carl Zeiss als Sieger vom Platz gehen zu lassen. Ausgew\u00e4hlte Impressionen vom Tag in der Galerie&#8230;<\/p>\n\n\n\nngg_shortcode_0_placeholder\n<div class='avc_visit_counter_front_simple' style=\" width: 100%; max-width: 300px; border: 2px solid #000000; color:#000000; background-color:#ffffff; border-radius: 0px; float: left; padding: 5px\">  <\/div>","protected":false},"excerpt":{"rendered":"<p>Nach zwei Jahren pandemiebedingter Abstinenz konnte die S\u00dcDKURVE am 13. M\u00e4rz wieder als 12. Kraft dabei unterst\u00fctzen, unseren FC Carl Zeiss als Sieger vom Platz gehen zu lassen. Ausgew\u00e4hlte Impressionen vom Tag in der Galerie&#8230;<\/p>\n","protected":false},"author":2,"featured_media":39735,"comment_status":"closed","ping_status":"closed","sticky":false,"template":"","format":"standard","meta":{"ngg_post_thumbnail":0,"footnotes":""},"categories":[1],"tags":[],"class_list":["post-39734","post","type-post","status-publish","format-standard","has-post-thumbnail","hentry","category-allgemein","has-thumbnail"],"_links":{"self":[{"href":"https:\/\/www.horda-azzuro.de\/cms\/index.php?rest_route=\/wp\/v2\/posts\/39734","targetHints":{"allow":["GET"]}}],"collection":[{"href":"https:\/\/www.horda-azzuro.de\/cms\/index.php?rest_route=\/wp\/v2\/posts"}],"about":[{"href":"https:\/\/www.horda-azzuro.de\/cms\/index.php?rest_route=\/wp\/v2\/types\/post"}],"author":[{"embeddable":true,"href":"https:\/\/www.horda-azzuro.de\/cms\/index.php?rest_route=\/wp\/v2\/users\/2"}],"replies":[{"embeddable":true,"href":"https:\/\/www.horda-azzuro.de\/cms\/index.php?rest_route=%2Fwp%2Fv2%2Fcomments&post=39734"}],"version-history":[{"count":1,"href":"https:\/\/www.horda-azzuro.de\/cms\/index.php?rest_route=\/wp\/v2\/posts\/39734\/revisions"}],"predecessor-version":[{"id":39736,"href":"https:\/\/www.horda-azzuro.de\/cms\/index.php?rest_route=\/wp\/v2\/posts\/39734\/revisions\/39736"}],"wp:featuredmedia":[{"embeddable":true,"href":"https:\/\/www.horda-azzuro.de\/cms\/index.php?rest_route=\/wp\/v2\/media\/39735"}],"wp:attachment":[{"href":"https:\/\/www.horda-azzuro.de\/cms\/index.php?rest_route=%2Fwp%2Fv2%2Fmedia&parent=39734"}],"wp:term":[{"taxonomy":"category","embeddable":true,"href":"https:\/\/www.horda-azzuro.de\/cms\/index.php?rest_route=%2Fwp%2Fv2%2Fcategories&post=39734"},{"taxonomy":"post_tag","embeddable":true,"href":"https:\/\/www.horda-azzuro.de\/cms\/index.php?rest_route=%2Fwp%2Fv2%2Ftags&post=39734"}],"curies":[{"name":"wp","href":"https:\/\/api.w.org\/{rel}","templated":true}]}}