{"id":40408,"date":"2022-09-25T21:25:33","date_gmt":"2022-09-25T19:25:33","guid":{"rendered":"http:\/\/www.horda-azzuro.de\/cms\/?p=40408"},"modified":"2022-09-25T21:25:34","modified_gmt":"2022-09-25T19:25:34","slug":"der-pokaltag-der-eine-tieftraurige-wendung-nahm","status":"publish","type":"post","link":"https:\/\/www.horda-azzuro.de\/cms\/?p=40408","title":{"rendered":"Der Pokaltag, der eine tieftraurige Wendung nahm."},"content":{"rendered":"\n<p>Noch w\u00e4hrend sich die Kurve gemeinsam und gem\u00fctlich die Vormittagsstunden in der Glockenstadt vertrieb, erreichte uns die traurige Botschaft des Todes unseres Mitstreiters Peter aus Gera.<\/p>\n\n\n\n<p>Die S\u00fcdkurve beschr\u00e4nkte sich kurzfristig auf die Pr\u00e4sentation der &#8211; von der Regionsgruppe Weimarer Land Nord initiierten &#8211; Choreo zu Beginn des Spiels. Es ist ganz sicher im Sinne von Peter gewesen, der Intention der Aktion die bereitete B\u00fchne zu schenken. Der Rest des Tages verflog im Wind. Ein gro\u00dfer Dank geht an die \u00f6rtliche Regionsgruppe f\u00fcr die wunderbare Organisation von morgens an.<\/p>\n\n\n\n<p>Mit den Gedanken sind wir in diesen Tagen bei der Familie von Peter, den Reggae Boys und all&#8217; unseren Freunden in Gera.<\/p>\n\n\n\n<p>Ruhe in Frieden &#8211; Du bleibst f\u00fcr immer ein Teil der S\u00dcDKURVE!<\/p>\n\n\n\nngg_shortcode_0_placeholder\n<div class='avc_visit_counter_front_simple' style=\" width: 100%; max-width: 300px; border: 2px solid #000000; color:#000000; background-color:#ffffff; border-radius: 0px; float: left; padding: 5px\">  <\/div>","protected":false},"excerpt":{"rendered":"<p>Noch w\u00e4hrend sich die Kurve gemeinsam und gem\u00fctlich die Vormittagsstunden in der Glockenstadt vertrieb, erreichte uns die traurige Botschaft des Todes unseres Mitstreiters Peter aus Gera. Die S\u00fcdkurve beschr\u00e4nkte sich kurzfristig auf die Pr\u00e4sentation der &#8211; von der Regionsgruppe Weimarer Land Nord initiierten &#8211; Choreo zu Beginn des Spiels. Es ist ganz sicher im Sinne [&hellip;]<\/p>\n","protected":false},"author":2,"featured_media":40409,"comment_status":"closed","ping_status":"closed","sticky":false,"template":"","format":"standard","meta":{"ngg_post_thumbnail":0,"footnotes":""},"categories":[1],"tags":[],"class_list":["post-40408","post","type-post","status-publish","format-standard","has-post-thumbnail","hentry","category-allgemein","has-thumbnail"],"_links":{"self":[{"href":"https:\/\/www.horda-azzuro.de\/cms\/index.php?rest_route=\/wp\/v2\/posts\/40408","targetHints":{"allow":["GET"]}}],"collection":[{"href":"https:\/\/www.horda-azzuro.de\/cms\/index.php?rest_route=\/wp\/v2\/posts"}],"about":[{"href":"https:\/\/www.horda-azzuro.de\/cms\/index.php?rest_route=\/wp\/v2\/types\/post"}],"author":[{"embeddable":true,"href":"https:\/\/www.horda-azzuro.de\/cms\/index.php?rest_route=\/wp\/v2\/users\/2"}],"replies":[{"embeddable":true,"href":"https:\/\/www.horda-azzuro.de\/cms\/index.php?rest_route=%2Fwp%2Fv2%2Fcomments&post=40408"}],"version-history":[{"count":1,"href":"https:\/\/www.horda-azzuro.de\/cms\/index.php?rest_route=\/wp\/v2\/posts\/40408\/revisions"}],"predecessor-version":[{"id":40410,"href":"https:\/\/www.horda-azzuro.de\/cms\/index.php?rest_route=\/wp\/v2\/posts\/40408\/revisions\/40410"}],"wp:featuredmedia":[{"embeddable":true,"href":"https:\/\/www.horda-azzuro.de\/cms\/index.php?rest_route=\/wp\/v2\/media\/40409"}],"wp:attachment":[{"href":"https:\/\/www.horda-azzuro.de\/cms\/index.php?rest_route=%2Fwp%2Fv2%2Fmedia&parent=40408"}],"wp:term":[{"taxonomy":"category","embeddable":true,"href":"https:\/\/www.horda-azzuro.de\/cms\/index.php?rest_route=%2Fwp%2Fv2%2Fcategories&post=40408"},{"taxonomy":"post_tag","embeddable":true,"href":"https:\/\/www.horda-azzuro.de\/cms\/index.php?rest_route=%2Fwp%2Fv2%2Ftags&post=40408"}],"curies":[{"name":"wp","href":"https:\/\/api.w.org\/{rel}","templated":true}]}}