{"id":40788,"date":"2022-12-06T11:39:08","date_gmt":"2022-12-06T10:39:08","guid":{"rendered":"http:\/\/www.horda-azzuro.de\/cms\/?p=40788"},"modified":"2022-12-06T11:39:09","modified_gmt":"2022-12-06T10:39:09","slug":"communique-reaktion-auf-auflagenbescheid-zum-heimspiel-gegen-lok-leipzig","status":"publish","type":"post","link":"https:\/\/www.horda-azzuro.de\/cms\/?p=40788","title":{"rendered":"Communiqu\u00e9 &#8211; <strong>Reaktion auf Auflagenbescheid zum Heimspiel gegen LOK Leipzig<\/strong>"},"content":{"rendered":"\n<p>In den letzten beiden Wochen tat sich mal wieder ein Nebenkriegsschauplatz f\u00fcr die S\u00dcDKURVE JENA auf, der einer tieferen Auseinandersetzung bedarf.<\/p>\n\n\n\n<p>Mit dem heutigen Tag steht ein Ma\u00dfnahmenkatalog von Polizei und Ordnungsamt im Raum, der dem FC Carl Zeiss Jena als Veranstalter als Auflagenbescheid f\u00fcr den sportlichen Vergleich mit Lok Leipzig aufgezwungen wurde. Der Hintergrund dessen ist vermeintlich die Auswertung mehrerer Heimspiele unseres Vereins, in deren Zusammenhang erst durch kritikw\u00fcrdige \u00d6ffentlichkeitsarbeit und Polizeiberichte im Nachgang Umst\u00e4nde in Verbindung mit dem Verhalten der aktiven Fanszene \u00f6ffentlich dramatisiert wurden.<\/p>\n\n\n\n<p>In der Presse war hierbei in der vergangenen Woche vom Ergebnis eines offenen Dialogs mit Sicherheitsbeh\u00f6rden, Bedenkentr\u00e4gern und der aktiven Fanszene die Rede. Davon distanzieren wir uns vollumf\u00e4nglich. Wir haben nach der ersten f\u00fcr uns \u00fcberraschenden Pressemitteilung vom 21. November 2022 gegen\u00fcber Vertreter:innen der Spielbetriebs GmbH deutlich gemacht, dass die aufgef\u00fchrten Ma\u00dfnahmen grunds\u00e4tzlich dem gesunden Menschenverstand hinsichtlich eines geordneten und f\u00fcr alle Besucher sicheren Stadionerlebnisses widersprechen. Vielmehr erkennen wir eine <strong>eindeutige Schuldzuweisung f\u00fcr Vers\u00e4umnisse Dritter<\/strong> zu Lasten der S\u00dcDKURVE, die wir nicht unkommentiert lassen d\u00fcrfen.<\/p>\n\n\n\n<p>Ma\u00dfgeblich urs\u00e4chlich f\u00fcr die Entwicklungen sind offensichtlich Vorf\u00e4lle bei den Heimspielen gegen den VfL Wolfsburg am 30.07.2022 und den FC Energie Cottbus am 28.09.2022. Auf Kommentare zu den theatralischen, mit etwas Abstand beinahe kom\u00f6diantischen Presseberichten zum erstgenannten Spiel verzichten wir. Allen Verantwortlichen im Verein, der Spielbetriebs GmbH und des Stadionbetreibers haben wir mitgeteilt, dass eine Vorverurteilung und medialer Aktionismus nichts mit blaugelbwei\u00dfem Zusammenhalt gemein hat.<\/p>\n\n\n\n<p>Bevor wir einzelne Punkte des o.g. Ma\u00dfnahmenkatalogs aufgreifen, m\u00f6chten wir an dieser Stelle deutlich machen, dass wir als verantwortungsbewusste Ultras, engagierte Fanszene und aktive Mitglieder nicht Partei ergreifen f\u00fcr die Teile des Cottbusser Anhangs, die mit dem Abschuss von Leuchtspuren in (vorwiegend mit Familien oder \u00c4lteren gef\u00fcllte) Bl\u00f6cke der Haupttrib\u00fcne Verletzungen in Kauf genommen haben. Die Aktion erwies allen fanszene\u00fcbergreifenden Bestrebungen, den Einsatz von Pyrotechnik zu entkriminalisieren, einen B\u00e4rendienst und verdient keine anderen Pr\u00e4dikate als w\u00fcrdelos und feige.<\/p>\n\n\n\n<p>Die S\u00dcDKURVE JENA kritisiert folgende angek\u00fcndigte Ma\u00dfnahmen in aller Sch\u00e4rfe und bezieht hierzu Stellung:<\/p>\n\n\n\n<p><\/p>\n\n\n\n<p><\/p>\n\n\n\n<ul class=\"wp-block-list\">\n<li><em>Materialkontrolle (durch Fanbeauftrage und Security) im Beisein der Polizei, gegebenenfalls unter Zuhilfenahme von Sp\u00fcrhunden<\/em><\/li>\n<\/ul>\n\n\n\n<p>Das hohe Ma\u00df an Vertrauen zwischen der Fanszene und den Fanbeauftragten ist Ergebnis mehrj\u00e4hrigen respektvollen Umgangs miteinander. Die Polizei ist hierf\u00fcr schlicht nicht zust\u00e4ndig, der Einsatz von Sp\u00fcrhunden menschenunw\u00fcrdig. Die damit verbundene Auferlegung der Kosten zu Ungunsten des FCC kommt einem schlechten Scherz nahe. In Reihen der gewerblichen Security arbeiten regelm\u00e4\u00dfig bekennende Feinde unseres Vereins, der aktiven Anh\u00e4ngerschaft und dem Weltbild weiter Teile der Anh\u00e4ngerschaft. Es ist und bleibt eine rote Linie, ebenso wie das Akzeptieren der Stigmatisierung von materialtragenden und \u2013verwendenden Anh\u00e4ngern.<\/p>\n\n\n\n<p><\/p>\n\n\n\n<p><\/p>\n\n\n\n<ul class=\"wp-block-list\">\n<li><em>Kontrolle unserer Verkaufsst\u00e4nde durch Security, Polizei und Sp\u00fcrhunde<\/em><\/li>\n<\/ul>\n\n\n\n<p>Auch mit einem H\u00f6chstma\u00df an Fantasie ist nicht ersichtlich, warum dieser selbstverwaltete Bereich durchsucht werden soll. F\u00fcr uns verdichtet sich die Annahme, dass die Verkaufsbude im \u00dcbergangsblock stellvertretend f\u00fcr den Schaffens- und Wirkungsbereich der S\u00dcDKURVE nun regelm\u00e4\u00dfig einer grundlosen und ebenso kriminalisierenden Ma\u00dfnahme unterzogen werden soll.<\/p>\n\n\n\n<p><\/p>\n\n\n\n<p><\/p>\n\n\n\n<ul class=\"wp-block-list\">\n<li><em>Punktuell versch\u00e4rfte Einzelkontrollen beim Verdachtsmoment im Einlassbereich<\/em><\/li>\n<\/ul>\n\n\n\n<p>In diesem Punkt wird der Weg f\u00fcr Individualkontrollen in sichtgesch\u00fctzten Bereichen geebnet und die Verh\u00e4ltnism\u00e4\u00dfigkeit mit F\u00fc\u00dfen getreten! Die Einlasskontrollen sind grunds\u00e4tzlich\u00a0 Aufgabe der vereinseigenen oder gewerblichen Ordner. Es entbehrt auch objektiv jegliche Grundlage, warum FCC-Fans fortan der Willk\u00fcr von Einsatzleitern von Polizei und Security ausgesetzt werden sollen, weil rein subjektive Verdachtsmomente vorliegen. Wer definiert den \u201eVerdachtsmoment\u201c und noch konkreter: wie definieren sich die im Raum stehenden Einzelkontrollen? Gerade vor dem Hintergrund zum Teil menschenunw\u00fcrdiger Personenkontrollen im Rahmen von Fu\u00dfballspielen in den letzten Jahren muss diese geplante Ma\u00dfnahme nicht nur aus Sicht der Anh\u00e4ngerschaft entschieden abgelehnt werden.<\/p>\n\n\n\n<p><\/p>\n\n\n\n<p><\/p>\n\n\n\n<ul class=\"wp-block-list\">\n<li><em>Verbot des Zutritts von Fans anderer Vereine als des Gastvereins in den G\u00e4steblock, Einsatz von SKBs zur Identifizierung<\/em><\/li>\n<\/ul>\n\n\n\n<p>Die hiermit geplante Ma\u00dfnahme ist h\u00f6chstgradig respektlos und diskriminierend gegen\u00fcber einer jeden Fanszene, unabh\u00e4ngig vom Verh\u00e4ltnis zum FCC. Fanfreundschaften geh\u00f6ren seit Jahrzehnten zum Fu\u00dfball und wir werden nicht zulassen, dass in Jena der Grundstein f\u00fcr ein pauschales Aussperren der mitgereisten Freunde von Gastvereinen gelegt wird. Unabh\u00e4ngig von der generellen Ablehnung dieser neuen Repressions-Qualit\u00e4t schreit der geplante Einsatz von Szenekundigen Beamten zur Aussortierung von Zuschauern nach einem nicht hinnehmbaren \u00dcberh\u00f6hen polizeilicher Zust\u00e4ndigkeiten. &nbsp;<\/p>\n\n\n\n<p>Wir zweifeln in aller Deutlichkeit an der Kompetenz von Sicherheitsbeh\u00f6rden, die zur Einsch\u00e4tzung kommen, dass durch diese Ma\u00dfnahmen verhindert werden soll, dass G\u00e4steanh\u00e4nger Leuchtraketen in Heimbereiche schie\u00dfen. Der Begriff Sippenhaft wirkt untertrieben, f\u00fchrt man sich die extrem konflikttr\u00e4chtige und in dieser Form bundesweit einmalige Vorgehensweise vor Augen. Beim Blick in jedes andere Fu\u00dfballstadion wird deutlich, wie unlogisch und ma\u00dflos fehlgeleitet schon allein der Gedanke an eine solche Ma\u00dfnahme ist.<\/p>\n\n\n\n<p>Wie bewerten die Urheber des Repressionskatalogs die eigene Arbeit in Vorbereitung des Cottbus-Spiels oder dass sich Auswechselspieler eines Gastvereins (Wolfsburg) in Abwesenheit ihrer Mannschaftskollegen und des Sicherheitsdienstes Wortgefechte mit Zeiss-Fans liefern und im Nachgang die L\u00fcgen von Hetzjagden kursieren? Und: Wer bewertet selbstkritisch, dass Zuschauer mit offen zur Schau getragenen Fanutensilien rivalisierender Vereine Zutritt zum Heimbereich bekommen?<\/p>\n\n\n\n<p>Bei so viel Abwegigkeit k\u00f6nnte man auch zum konspirativen Schluss gelangen, dass hier bewusst Fehler gemacht wurden, um eskalierende Situationen zu erm\u00f6glichen, eine Repressionsgrundlage zu schaffen und eine kritische, progressive Fanszene zu drangsalieren \u2013 das sparen wir uns an dieser Stelle.<\/p>\n\n\n\n<p>Die reine Androhung, die vorgenannten Ma\u00dfnahmen durchf\u00fchren zu k\u00f6nnen, \u00fcberschreitet eine rote Linie, ist unbegr\u00fcndet repressiv und nicht nur f\u00fcr die Jenaer Fanszene, sondern auch alle zuk\u00fcnftigen G\u00e4steanh\u00e4nger eine diskriminierende Zumutung! Die aktive Fanszene beh\u00e4lt sich eine konsequente und geschlossene Reaktion auf die Ma\u00dfnahmen vor.<\/p>\n\n\n\n<p>Wir fordern weiterhin die offiziellen Vertreter:innen (kraft Amt und\/oder Anstellung) der FC Carl Zeiss Jena Spielbetriebs GmbH und des FC Carl Zeiss Jena e.V. dazu auf, in Zukunft Haltung zu zeigen und zu bewahren und keine derartigen Repressalien f\u00fcr die Anh\u00e4nger des Clubs zu akzeptieren.<\/p>\n\n\n\n<p>Es muss endlich Schluss damit sein, dass sich dutzende Menschen nach jedem noch so kleinen Vorfall im Ernst-Abbe-Sportfeld im Aktionismus \u00fcberbieten und die eigene Anh\u00e4ngerschaft diffamieren. Dieser Umstand ist nicht nur unw\u00fcrdig, sondern \u00fcberdies peinlich. Es ist an der Zeit, den Kr\u00e4ften im Fu\u00dfball n\u00fcchtern und klar zu begegnen, welche jede Gelegenheit (so wie diese, aktuell) nutzen, um Keile in den Verein und gewachsene Konstellationen\/Strukturen zu treiben. Wir k\u00f6nnen weder die einmalige Anwendung, noch die Etablierung solcher bodenlosen Sicherheitsma\u00dfnahmen hinnehmen und werden einer traurigen Vorbildwirkung auch f\u00fcr andere Fu\u00dfballstadien entschlossen entgegentreten.<\/p>\n\n\n\n<p><\/p>\n\n\n\n<p><strong>S\u00dcDKURVE-RAT DES FC CARL ZEISS JENA<\/strong><\/p>\n<div class='avc_visit_counter_front_simple' style=\" width: 100%; max-width: 300px; border: 2px solid #000000; color:#000000; background-color:#ffffff; border-radius: 0px; float: left; padding: 5px\">  <\/div>","protected":false},"excerpt":{"rendered":"<p>In den letzten beiden Wochen tat sich mal wieder ein Nebenkriegsschauplatz f\u00fcr die S\u00dcDKURVE JENA auf, der einer tieferen Auseinandersetzung bedarf. Mit dem heutigen Tag steht ein Ma\u00dfnahmenkatalog von Polizei und Ordnungsamt im Raum, der dem FC Carl Zeiss Jena als Veranstalter als Auflagenbescheid f\u00fcr den sportlichen Vergleich mit Lok Leipzig aufgezwungen wurde. Der Hintergrund [&hellip;]<\/p>\n","protected":false},"author":2,"featured_media":40789,"comment_status":"closed","ping_status":"closed","sticky":false,"template":"","format":"standard","meta":{"ngg_post_thumbnail":0,"footnotes":""},"categories":[1],"tags":[],"class_list":["post-40788","post","type-post","status-publish","format-standard","has-post-thumbnail","hentry","category-allgemein","has-thumbnail"],"_links":{"self":[{"href":"https:\/\/www.horda-azzuro.de\/cms\/index.php?rest_route=\/wp\/v2\/posts\/40788","targetHints":{"allow":["GET"]}}],"collection":[{"href":"https:\/\/www.horda-azzuro.de\/cms\/index.php?rest_route=\/wp\/v2\/posts"}],"about":[{"href":"https:\/\/www.horda-azzuro.de\/cms\/index.php?rest_route=\/wp\/v2\/types\/post"}],"author":[{"embeddable":true,"href":"https:\/\/www.horda-azzuro.de\/cms\/index.php?rest_route=\/wp\/v2\/users\/2"}],"replies":[{"embeddable":true,"href":"https:\/\/www.horda-azzuro.de\/cms\/index.php?rest_route=%2Fwp%2Fv2%2Fcomments&post=40788"}],"version-history":[{"count":2,"href":"https:\/\/www.horda-azzuro.de\/cms\/index.php?rest_route=\/wp\/v2\/posts\/40788\/revisions"}],"predecessor-version":[{"id":40791,"href":"https:\/\/www.horda-azzuro.de\/cms\/index.php?rest_route=\/wp\/v2\/posts\/40788\/revisions\/40791"}],"wp:featuredmedia":[{"embeddable":true,"href":"https:\/\/www.horda-azzuro.de\/cms\/index.php?rest_route=\/wp\/v2\/media\/40789"}],"wp:attachment":[{"href":"https:\/\/www.horda-azzuro.de\/cms\/index.php?rest_route=%2Fwp%2Fv2%2Fmedia&parent=40788"}],"wp:term":[{"taxonomy":"category","embeddable":true,"href":"https:\/\/www.horda-azzuro.de\/cms\/index.php?rest_route=%2Fwp%2Fv2%2Fcategories&post=40788"},{"taxonomy":"post_tag","embeddable":true,"href":"https:\/\/www.horda-azzuro.de\/cms\/index.php?rest_route=%2Fwp%2Fv2%2Ftags&post=40788"}],"curies":[{"name":"wp","href":"https:\/\/api.w.org\/{rel}","templated":true}]}}