{"id":40843,"date":"2022-12-23T01:10:10","date_gmt":"2022-12-23T00:10:10","guid":{"rendered":"http:\/\/www.horda-azzuro.de\/cms\/?p=40843"},"modified":"2022-12-23T01:16:29","modified_gmt":"2022-12-23T00:16:29","slug":"blau-gelb-weisse-weihnachten-ein-resuemee","status":"publish","type":"post","link":"https:\/\/www.horda-azzuro.de\/cms\/?p=40843","title":{"rendered":"Blau-Gelb-Wei\u00dfe Weihnachten &#8211; ein Res\u00fcmee&#8230;"},"content":{"rendered":"\n<p>Bereits das dritte Mal in Folge fanden 2022 die Blau-Gelb-Wei\u00dfen Weihnachten statt. Grund genug, zur\u00fcckzublicken und einige Worte los zu werden. <\/p>\n\n\n\n<p>Nachdem die Aktion 2020 als urspr\u00fcnglich kleinere Idee in einem Freundeskreis startete und schnell gr\u00f6\u00dfer und gr\u00f6\u00dfer wurde, wurde im vergangenen Jahr 2021 die Anzahl an Geschenken nochmal deutlich gesteigert und \u00fcber 2000 Kinder aller Altersgruppen (vor allem in den FCC-Regionen) konnten sich \u00fcber ein Weihnachtsgeschenk freuen.<\/p>\n\n\n\n<p>Als im Herbst 2022 die Planungen f\u00fcr die neuerliche Aktion aufkamen, galt es nicht nur ehemalige Hauptverantwortliche zu ersetzen, sondern auch die Aktion zwischen Spieltagen, Freundschaftsbesuchen und anderen Veranstaltungen zu planen. Bekannterma\u00dfen eine neue Situation, da in den vergangenen beiden Jahren die Pandemie das gesellschaftliche Leben in der Vorweihnachtszeit zum Stillstand brachte und auch Stadionbesuche f\u00fcr uns als S\u00fcdkurve nicht stattfanden.<\/p>\n\n\n\n<p>Als weitere Neuerung entschieden wir uns, auf Grundlage der Erfahrungen der letzten Jahre, nur Sach- und Geldspenden anzunehmen und die Geschenke selber zusammenzustellen und zu packen. So konnten wir sichergehen, dass alle Geschenke altersgerecht gepackt wurden und auch qualitativ vergleichbar waren, was in den vergangenen Jahren nicht immer der Fall war. Somit wurden unsere R\u00e4umlichkeiten in den letzten Wochen zur Wichtelwerkstatt und Menschen aus den verschiedensten Gruppen und Regionen der S\u00fcdkurve packten flei\u00dfig Geschenke.<\/p>\n\n\n\n<p>Schlussendlich sind wir stolz, dass wir in diesem Jahr 1.042 Geschenke an Kinder in den blau-gelb-wei\u00dfen Regionen Th\u00fcringens \u00fcbergeben konnten &#8211; in erster Linie durch eine etablierte Partnerschaft mit den Tafeln unserer Gebiete. Die leuchtenden Augen der Kinder waren auch in diesem Jahr wieder ein toller Anblick f\u00fcr alle Helfer*innen.<\/p>\n\n\n\n<p>In der aktuellen Zeit, in der nahezu alle Waren teurer werden und sich die Lage f\u00fcr viele Familien zuspitzt, hoffen wir, mit unseren Geschenken einen kleinen Lichtblick gegeben zu haben. Was wir an dieser Stelle auch erw\u00e4hnen m\u00f6chten, ist, dass die Nachfrage nach Geschenken von den Tafeln bzw. von anderen Hilfseinrichtungen noch gr\u00f6\u00dfer war als die Anzahl der von uns verpackten Geschenke.<\/p>\n\n\n\n<p>Bedanken m\u00f6chten wir uns bei allen FCC-Fans, die uns unterst\u00fctzt haben &#8211; egal ob am Aktionsspieltag gegen den BAK Mitte November im Stadion, mit Geldspenden oder mit Sachspenden! Weiterhin m\u00f6chten wir uns bei folgenden Unterst\u00fctzern bedanken:<\/p>\n\n\n\n<p>\u2022 FC Carl Zeiss Jena<br>\u2022 Fanprojekt<br>\u2022 Orange Jungle<br>\u2022 CT Sp\u00e4tis<br>\u2022 Thalia<br>\u2022 GOT<br>\u2022 Bike Point<br>\u2022 AOK PLUS<\/p>\n\n\n\n<p>Im Namen der Aktionsgruppe w\u00fcnschen wir allen FCC-Fans besinnliche Feiertage und einen guten Rutsch ins neue Jahr!<\/p>\n\n\n\n<p><strong>FCC Fans helfen &#8211; S\u00fcdkurve geht voran!<\/strong><\/p>\n\n\n\nngg_shortcode_0_placeholder\n<div class='avc_visit_counter_front_simple' style=\" width: 100%; max-width: 300px; border: 2px solid #000000; color:#000000; background-color:#ffffff; border-radius: 0px; float: left; padding: 5px\">  <\/div>","protected":false},"excerpt":{"rendered":"<p>Bereits das dritte Mal in Folge fanden 2022 die Blau-Gelb-Wei\u00dfen Weihnachten statt. Grund genug, zur\u00fcckzublicken und einige Worte los zu werden. Nachdem die Aktion 2020 als urspr\u00fcnglich kleinere Idee in einem Freundeskreis startete und schnell gr\u00f6\u00dfer und gr\u00f6\u00dfer wurde, wurde im vergangenen Jahr 2021 die Anzahl an Geschenken nochmal deutlich gesteigert und \u00fcber 2000 Kinder [&hellip;]<\/p>\n","protected":false},"author":2,"featured_media":40844,"comment_status":"closed","ping_status":"closed","sticky":false,"template":"","format":"standard","meta":{"ngg_post_thumbnail":0,"footnotes":""},"categories":[1],"tags":[],"class_list":["post-40843","post","type-post","status-publish","format-standard","has-post-thumbnail","hentry","category-allgemein","has-thumbnail"],"_links":{"self":[{"href":"https:\/\/www.horda-azzuro.de\/cms\/index.php?rest_route=\/wp\/v2\/posts\/40843","targetHints":{"allow":["GET"]}}],"collection":[{"href":"https:\/\/www.horda-azzuro.de\/cms\/index.php?rest_route=\/wp\/v2\/posts"}],"about":[{"href":"https:\/\/www.horda-azzuro.de\/cms\/index.php?rest_route=\/wp\/v2\/types\/post"}],"author":[{"embeddable":true,"href":"https:\/\/www.horda-azzuro.de\/cms\/index.php?rest_route=\/wp\/v2\/users\/2"}],"replies":[{"embeddable":true,"href":"https:\/\/www.horda-azzuro.de\/cms\/index.php?rest_route=%2Fwp%2Fv2%2Fcomments&post=40843"}],"version-history":[{"count":1,"href":"https:\/\/www.horda-azzuro.de\/cms\/index.php?rest_route=\/wp\/v2\/posts\/40843\/revisions"}],"predecessor-version":[{"id":40845,"href":"https:\/\/www.horda-azzuro.de\/cms\/index.php?rest_route=\/wp\/v2\/posts\/40843\/revisions\/40845"}],"wp:featuredmedia":[{"embeddable":true,"href":"https:\/\/www.horda-azzuro.de\/cms\/index.php?rest_route=\/wp\/v2\/media\/40844"}],"wp:attachment":[{"href":"https:\/\/www.horda-azzuro.de\/cms\/index.php?rest_route=%2Fwp%2Fv2%2Fmedia&parent=40843"}],"wp:term":[{"taxonomy":"category","embeddable":true,"href":"https:\/\/www.horda-azzuro.de\/cms\/index.php?rest_route=%2Fwp%2Fv2%2Fcategories&post=40843"},{"taxonomy":"post_tag","embeddable":true,"href":"https:\/\/www.horda-azzuro.de\/cms\/index.php?rest_route=%2Fwp%2Fv2%2Ftags&post=40843"}],"curies":[{"name":"wp","href":"https:\/\/api.w.org\/{rel}","templated":true}]}}