{"id":40870,"date":"2023-01-23T23:01:25","date_gmt":"2023-01-23T22:01:25","guid":{"rendered":"http:\/\/www.horda-azzuro.de\/cms\/?p=40870"},"modified":"2023-01-23T23:24:52","modified_gmt":"2023-01-23T22:24:52","slug":"ein-sieg-waere-die-suesse-rache-gewesen","status":"publish","type":"post","link":"https:\/\/www.horda-azzuro.de\/cms\/?p=40870","title":{"rendered":"Ein Sieg w\u00e4re die s\u00fc\u00dfe Rache gewesen&#8230;"},"content":{"rendered":"\n<p>&#8230;doch leider konnte das Team zum Jahresauftakt nicht bei der Hertha punkten. Der G\u00e4steblock trotzte den Temperaturen mit einer starken Lautst\u00e4rke, welche Lust auf mehr in den kommenden Wochen macht. Nun, wir bleiben nat\u00fcrlich k\u00e4mpferisch zuversichtlich und investieren unser Vertrauen in den Weg des jungen Teams. F\u00fcr die Kurve geht es bereits Ende dieser Woche wieder in die Hauptstadt &#8211; der n\u00e4chste Angriff auf den Ausw\u00e4rtsdreier als logischer Entwicklungsschritt.<\/p>\n\n\n\nngg_shortcode_0_placeholder\n<div class='avc_visit_counter_front_simple' style=\" width: 100%; max-width: 300px; border: 2px solid #000000; color:#000000; background-color:#ffffff; border-radius: 0px; float: left; padding: 5px\">  <\/div>","protected":false},"excerpt":{"rendered":"<p>&#8230;doch leider konnte das Team zum Jahresauftakt nicht bei der Hertha punkten. Der G\u00e4steblock trotzte den Temperaturen mit einer starken Lautst\u00e4rke, welche Lust auf mehr in den kommenden Wochen macht. Nun, wir bleiben nat\u00fcrlich k\u00e4mpferisch zuversichtlich und investieren unser Vertrauen in den Weg des jungen Teams. F\u00fcr die Kurve geht es bereits Ende dieser Woche [&hellip;]<\/p>\n","protected":false},"author":2,"featured_media":40871,"comment_status":"closed","ping_status":"closed","sticky":false,"template":"","format":"standard","meta":{"ngg_post_thumbnail":0,"footnotes":""},"categories":[1],"tags":[],"class_list":["post-40870","post","type-post","status-publish","format-standard","has-post-thumbnail","hentry","category-allgemein","has-thumbnail"],"_links":{"self":[{"href":"https:\/\/www.horda-azzuro.de\/cms\/index.php?rest_route=\/wp\/v2\/posts\/40870","targetHints":{"allow":["GET"]}}],"collection":[{"href":"https:\/\/www.horda-azzuro.de\/cms\/index.php?rest_route=\/wp\/v2\/posts"}],"about":[{"href":"https:\/\/www.horda-azzuro.de\/cms\/index.php?rest_route=\/wp\/v2\/types\/post"}],"author":[{"embeddable":true,"href":"https:\/\/www.horda-azzuro.de\/cms\/index.php?rest_route=\/wp\/v2\/users\/2"}],"replies":[{"embeddable":true,"href":"https:\/\/www.horda-azzuro.de\/cms\/index.php?rest_route=%2Fwp%2Fv2%2Fcomments&post=40870"}],"version-history":[{"count":3,"href":"https:\/\/www.horda-azzuro.de\/cms\/index.php?rest_route=\/wp\/v2\/posts\/40870\/revisions"}],"predecessor-version":[{"id":40881,"href":"https:\/\/www.horda-azzuro.de\/cms\/index.php?rest_route=\/wp\/v2\/posts\/40870\/revisions\/40881"}],"wp:featuredmedia":[{"embeddable":true,"href":"https:\/\/www.horda-azzuro.de\/cms\/index.php?rest_route=\/wp\/v2\/media\/40871"}],"wp:attachment":[{"href":"https:\/\/www.horda-azzuro.de\/cms\/index.php?rest_route=%2Fwp%2Fv2%2Fmedia&parent=40870"}],"wp:term":[{"taxonomy":"category","embeddable":true,"href":"https:\/\/www.horda-azzuro.de\/cms\/index.php?rest_route=%2Fwp%2Fv2%2Fcategories&post=40870"},{"taxonomy":"post_tag","embeddable":true,"href":"https:\/\/www.horda-azzuro.de\/cms\/index.php?rest_route=%2Fwp%2Fv2%2Ftags&post=40870"}],"curies":[{"name":"wp","href":"https:\/\/api.w.org\/{rel}","templated":true}]}}