{"id":41174,"date":"2023-03-27T23:29:28","date_gmt":"2023-03-27T21:29:28","guid":{"rendered":"http:\/\/www.horda-azzuro.de\/cms\/?p=41174"},"modified":"2023-03-27T23:29:29","modified_gmt":"2023-03-27T21:29:29","slug":"finaleinzug-nach-elfmeterschiessen","status":"publish","type":"post","link":"https:\/\/www.horda-azzuro.de\/cms\/?p=41174","title":{"rendered":"Finaleinzug nach Elfmeterschie\u00dfen&#8230;"},"content":{"rendered":"\n<p>&#8230;das war knapp. Beinahe w\u00e4re die Titelverteidigung im Halbfinale gescheitert. Am Ende siegten die komplett in BLAU angetretenen Jungs denkbar knapp, erk\u00e4mpften sich damit das n\u00e4chste Finale und erhielten dem Verein die M\u00f6glichkeit des erneuten Einzugs in den DFB-Pokal.<\/p>\n\n\n\n<p>Leider erschwerten die \u00e4u\u00dferen Umst\u00e4nde eine noch geschlossenere blaue Optik auf den R\u00e4ngen. Wir freuen uns \u00fcber alle, welche dennoch mitgezogen haben und sind zuversichtlich, die Pokalspiele zuk\u00fcnftig optisch weiter entwickeln zu k\u00f6nnen. Wir m\u00fcssen uns an dieser Stelle ehrlich machen und verinnerlichen, dass sich die Arbeit in Vorbereitung der Spiele lohnt. Aber: sie muss noch immer flei\u00dfig getan werden.<\/p>\n\n\n\n<p>Landespokal zuhause ist eine gro\u00dfe Seltenheit, darf es auch gern bleiben. Auch die unterdessen getroffene Entscheidung des Th\u00fcringer Fussball-Verbandes zur Finalaustragung im Ernst-Abbe-Sportfeld werden wir so nicht ger\u00e4uschlos akzeptieren. Auch wenn es auf den ersten Blick f\u00fcr alle Blaugelbwei\u00dfen attraktiv und entspannt anmutet, ist diese Entscheidung weit weg von Fairness und Respekt vor dem Amateur- bzw. unterklassigen Fu\u00dfball. Wo letzterer doch so oft als unverzichtbarer Unterbau und N\u00e4hrboden bezeichnet wird &#8211; fadenscheiniges Geschw\u00e4tz. SCHEISS TFV!<\/p>\n\n\n\nngg_shortcode_0_placeholder\n<div class='avc_visit_counter_front_simple' style=\" width: 100%; max-width: 300px; border: 2px solid #000000; color:#000000; background-color:#ffffff; border-radius: 0px; float: left; padding: 5px\">  <\/div>","protected":false},"excerpt":{"rendered":"<p>&#8230;das war knapp. Beinahe w\u00e4re die Titelverteidigung im Halbfinale gescheitert. Am Ende siegten die komplett in BLAU angetretenen Jungs denkbar knapp, erk\u00e4mpften sich damit das n\u00e4chste Finale und erhielten dem Verein die M\u00f6glichkeit des erneuten Einzugs in den DFB-Pokal. Leider erschwerten die \u00e4u\u00dferen Umst\u00e4nde eine noch geschlossenere blaue Optik auf den R\u00e4ngen. Wir freuen uns [&hellip;]<\/p>\n","protected":false},"author":2,"featured_media":41175,"comment_status":"closed","ping_status":"closed","sticky":false,"template":"","format":"standard","meta":{"ngg_post_thumbnail":0,"footnotes":""},"categories":[1],"tags":[],"class_list":["post-41174","post","type-post","status-publish","format-standard","has-post-thumbnail","hentry","category-allgemein","has-thumbnail"],"_links":{"self":[{"href":"https:\/\/www.horda-azzuro.de\/cms\/index.php?rest_route=\/wp\/v2\/posts\/41174","targetHints":{"allow":["GET"]}}],"collection":[{"href":"https:\/\/www.horda-azzuro.de\/cms\/index.php?rest_route=\/wp\/v2\/posts"}],"about":[{"href":"https:\/\/www.horda-azzuro.de\/cms\/index.php?rest_route=\/wp\/v2\/types\/post"}],"author":[{"embeddable":true,"href":"https:\/\/www.horda-azzuro.de\/cms\/index.php?rest_route=\/wp\/v2\/users\/2"}],"replies":[{"embeddable":true,"href":"https:\/\/www.horda-azzuro.de\/cms\/index.php?rest_route=%2Fwp%2Fv2%2Fcomments&post=41174"}],"version-history":[{"count":1,"href":"https:\/\/www.horda-azzuro.de\/cms\/index.php?rest_route=\/wp\/v2\/posts\/41174\/revisions"}],"predecessor-version":[{"id":41176,"href":"https:\/\/www.horda-azzuro.de\/cms\/index.php?rest_route=\/wp\/v2\/posts\/41174\/revisions\/41176"}],"wp:featuredmedia":[{"embeddable":true,"href":"https:\/\/www.horda-azzuro.de\/cms\/index.php?rest_route=\/wp\/v2\/media\/41175"}],"wp:attachment":[{"href":"https:\/\/www.horda-azzuro.de\/cms\/index.php?rest_route=%2Fwp%2Fv2%2Fmedia&parent=41174"}],"wp:term":[{"taxonomy":"category","embeddable":true,"href":"https:\/\/www.horda-azzuro.de\/cms\/index.php?rest_route=%2Fwp%2Fv2%2Fcategories&post=41174"},{"taxonomy":"post_tag","embeddable":true,"href":"https:\/\/www.horda-azzuro.de\/cms\/index.php?rest_route=%2Fwp%2Fv2%2Ftags&post=41174"}],"curies":[{"name":"wp","href":"https:\/\/api.w.org\/{rel}","templated":true}]}}