{"id":41194,"date":"2023-04-03T00:16:41","date_gmt":"2023-04-02T22:16:41","guid":{"rendered":"http:\/\/www.horda-azzuro.de\/cms\/?p=41194"},"modified":"2023-04-03T09:43:36","modified_gmt":"2023-04-03T07:43:36","slug":"torlos-im-jahn-sportpark","status":"publish","type":"post","link":"https:\/\/www.horda-azzuro.de\/cms\/?p=41194","title":{"rendered":"Torlos im Jahn-Sportpark"},"content":{"rendered":"\n<p>Freitagabend in Berlin, fast allein in der riesigen bunten Sch\u00fcssel. Auf und abseits des Rasens keine leichte Aufgabe, welche dennoch von den aktiven Blaugelbwei\u00dfen beiderseits sehr zufriedenstellend gel\u00f6st wurde. Es hat Spa\u00df gemacht, wenngleich wir quantitativ wiederum nicht ganz zufrieden sein k\u00f6nnen. Deswegen ist der mahnende Zeigefinger mit Blick auf die letzte Saisonphase durchaus legitim.<\/p>\n\n\n\n<p>AVANTI S\u00dcDKURVE!<\/p>\n\n\n\nngg_shortcode_0_placeholder\n<div class='avc_visit_counter_front_simple' style=\" width: 100%; max-width: 300px; border: 2px solid #000000; color:#000000; background-color:#ffffff; border-radius: 0px; float: left; padding: 5px\">  <\/div>","protected":false},"excerpt":{"rendered":"<p>Freitagabend in Berlin, fast allein in der riesigen bunten Sch\u00fcssel. Auf und abseits des Rasens keine leichte Aufgabe, welche dennoch von den aktiven Blaugelbwei\u00dfen beiderseits sehr zufriedenstellend gel\u00f6st wurde. Es hat Spa\u00df gemacht, wenngleich wir quantitativ wiederum nicht ganz zufrieden sein k\u00f6nnen. Deswegen ist der mahnende Zeigefinger mit Blick auf die letzte Saisonphase durchaus legitim. [&hellip;]<\/p>\n","protected":false},"author":2,"featured_media":41199,"comment_status":"closed","ping_status":"closed","sticky":false,"template":"","format":"standard","meta":{"ngg_post_thumbnail":0,"footnotes":""},"categories":[1],"tags":[],"class_list":["post-41194","post","type-post","status-publish","format-standard","has-post-thumbnail","hentry","category-allgemein","has-thumbnail"],"_links":{"self":[{"href":"https:\/\/www.horda-azzuro.de\/cms\/index.php?rest_route=\/wp\/v2\/posts\/41194","targetHints":{"allow":["GET"]}}],"collection":[{"href":"https:\/\/www.horda-azzuro.de\/cms\/index.php?rest_route=\/wp\/v2\/posts"}],"about":[{"href":"https:\/\/www.horda-azzuro.de\/cms\/index.php?rest_route=\/wp\/v2\/types\/post"}],"author":[{"embeddable":true,"href":"https:\/\/www.horda-azzuro.de\/cms\/index.php?rest_route=\/wp\/v2\/users\/2"}],"replies":[{"embeddable":true,"href":"https:\/\/www.horda-azzuro.de\/cms\/index.php?rest_route=%2Fwp%2Fv2%2Fcomments&post=41194"}],"version-history":[{"count":5,"href":"https:\/\/www.horda-azzuro.de\/cms\/index.php?rest_route=\/wp\/v2\/posts\/41194\/revisions"}],"predecessor-version":[{"id":41201,"href":"https:\/\/www.horda-azzuro.de\/cms\/index.php?rest_route=\/wp\/v2\/posts\/41194\/revisions\/41201"}],"wp:featuredmedia":[{"embeddable":true,"href":"https:\/\/www.horda-azzuro.de\/cms\/index.php?rest_route=\/wp\/v2\/media\/41199"}],"wp:attachment":[{"href":"https:\/\/www.horda-azzuro.de\/cms\/index.php?rest_route=%2Fwp%2Fv2%2Fmedia&parent=41194"}],"wp:term":[{"taxonomy":"category","embeddable":true,"href":"https:\/\/www.horda-azzuro.de\/cms\/index.php?rest_route=%2Fwp%2Fv2%2Fcategories&post=41194"},{"taxonomy":"post_tag","embeddable":true,"href":"https:\/\/www.horda-azzuro.de\/cms\/index.php?rest_route=%2Fwp%2Fv2%2Ftags&post=41194"}],"curies":[{"name":"wp","href":"https:\/\/api.w.org\/{rel}","templated":true}]}}