{"id":41944,"date":"2023-09-11T21:52:47","date_gmt":"2023-09-11T19:52:47","guid":{"rendered":"http:\/\/www.horda-azzuro.de\/cms\/?p=41944"},"modified":"2023-09-11T21:52:47","modified_gmt":"2023-09-11T19:52:47","slug":"pokalsaison-erfolgreich-eroeffnet","status":"publish","type":"post","link":"https:\/\/www.horda-azzuro.de\/cms\/?p=41944","title":{"rendered":"Pokalsaison erfolgreich er\u00f6ffnet!"},"content":{"rendered":"\n<p>In Neustadt an der Orla, vor fast 2.500 Zuschauern, starteten wir als Titelverteidiger ungef\u00e4hrdet in die neue Pokalsaison. Ein warmer Sommerabend, welchen eine gro\u00dfe SK-Meute nach einer von der lokalen Regionsgruppe organisierten Choreo f\u00fcr einen sehr ausgelassenen und wilden Support nutzte. Das hat nicht nur Spa\u00df gemacht, sondern auch die Rolle des Clubs in der Region fett unterstrichen. <\/p>\n\n\n\n<p>Immer weiter, auf und abseits des Platzes&#8230;<\/p>\n\n\n\nngg_shortcode_0_placeholder\n<div class='avc_visit_counter_front_simple' style=\" width: 100%; max-width: 300px; border: 2px solid #000000; color:#000000; background-color:#ffffff; border-radius: 0px; float: left; padding: 5px\">  <\/div>","protected":false},"excerpt":{"rendered":"<p>In Neustadt an der Orla, vor fast 2.500 Zuschauern, starteten wir als Titelverteidiger ungef\u00e4hrdet in die neue Pokalsaison. Ein warmer Sommerabend, welchen eine gro\u00dfe SK-Meute nach einer von der lokalen Regionsgruppe organisierten Choreo f\u00fcr einen sehr ausgelassenen und wilden Support nutzte. Das hat nicht nur Spa\u00df gemacht, sondern auch die Rolle des Clubs in der [&hellip;]<\/p>\n","protected":false},"author":2,"featured_media":41945,"comment_status":"closed","ping_status":"closed","sticky":false,"template":"","format":"standard","meta":{"ngg_post_thumbnail":0,"footnotes":""},"categories":[1],"tags":[],"class_list":["post-41944","post","type-post","status-publish","format-standard","has-post-thumbnail","hentry","category-allgemein","has-thumbnail"],"_links":{"self":[{"href":"https:\/\/www.horda-azzuro.de\/cms\/index.php?rest_route=\/wp\/v2\/posts\/41944","targetHints":{"allow":["GET"]}}],"collection":[{"href":"https:\/\/www.horda-azzuro.de\/cms\/index.php?rest_route=\/wp\/v2\/posts"}],"about":[{"href":"https:\/\/www.horda-azzuro.de\/cms\/index.php?rest_route=\/wp\/v2\/types\/post"}],"author":[{"embeddable":true,"href":"https:\/\/www.horda-azzuro.de\/cms\/index.php?rest_route=\/wp\/v2\/users\/2"}],"replies":[{"embeddable":true,"href":"https:\/\/www.horda-azzuro.de\/cms\/index.php?rest_route=%2Fwp%2Fv2%2Fcomments&post=41944"}],"version-history":[{"count":1,"href":"https:\/\/www.horda-azzuro.de\/cms\/index.php?rest_route=\/wp\/v2\/posts\/41944\/revisions"}],"predecessor-version":[{"id":41946,"href":"https:\/\/www.horda-azzuro.de\/cms\/index.php?rest_route=\/wp\/v2\/posts\/41944\/revisions\/41946"}],"wp:featuredmedia":[{"embeddable":true,"href":"https:\/\/www.horda-azzuro.de\/cms\/index.php?rest_route=\/wp\/v2\/media\/41945"}],"wp:attachment":[{"href":"https:\/\/www.horda-azzuro.de\/cms\/index.php?rest_route=%2Fwp%2Fv2%2Fmedia&parent=41944"}],"wp:term":[{"taxonomy":"category","embeddable":true,"href":"https:\/\/www.horda-azzuro.de\/cms\/index.php?rest_route=%2Fwp%2Fv2%2Fcategories&post=41944"},{"taxonomy":"post_tag","embeddable":true,"href":"https:\/\/www.horda-azzuro.de\/cms\/index.php?rest_route=%2Fwp%2Fv2%2Ftags&post=41944"}],"curies":[{"name":"wp","href":"https:\/\/api.w.org\/{rel}","templated":true}]}}