{"id":42332,"date":"2023-11-26T22:14:05","date_gmt":"2023-11-26T21:14:05","guid":{"rendered":"http:\/\/www.horda-azzuro.de\/cms\/?p=42332"},"modified":"2023-11-26T22:23:35","modified_gmt":"2023-11-26T21:23:35","slug":"fcc-mitglieder-beauftragen-vorstand-und-geschaeftsfuehrung","status":"publish","type":"post","link":"https:\/\/www.horda-azzuro.de\/cms\/?p=42332","title":{"rendered":"Strafenpolitik entgegentreten! Vorstand und Gesch\u00e4ftsf\u00fchrung beauftragt!"},"content":{"rendered":"\n<p>Im Rahmen der am Samstag (25.11.2023) durchgef\u00fchrten Mitgliederversammlung unseres FC Carl Zeiss Jena e.V. wurde folgender Antrag mit einer mehr als deutlichen Stimmenmehrheit durch die Mitglieder angenommen. <\/p>\n\n\n\n<blockquote class=\"wp-block-quote is-layout-flow wp-block-quote-is-layout-flow\">\n<blockquote class=\"wp-block-quote is-layout-flow wp-block-quote-is-layout-flow\">\n<p><strong>Antrag: <\/strong>Proaktive Auseinandersetzung und ver\u00e4nderungsorientierte Kritik des FC Carl Zeiss Jena an der Strafenpolitik der Fussballverb\u00e4nde.<\/p>\n\n\n\n<p><strong>Antragstellende: <\/strong>Horda Azzuro<\/p>\n<\/blockquote>\n\n\n\n<p><\/p>\n\n\n\n<p><strong>Wortlaut Antrag:<\/strong><\/p>\n\n\n\n<p>Strafen z\u00fcnden nicht. Die Mitgliederschaft ruft und fordert die operativ t\u00e4tigen Gremien und leitenden Angestellten unseres eingetragenen Vereins mittels Beschluss auf, sich fortan nicht nur kritisch mit der Strafen- und Sanktionspolitik der Verb\u00e4nde allgemein und der des Nordostdeutschen Fu\u00dfballverband im speziellen zu besch\u00e4ftigen, sondern diese durch aktive und vor allem vernetzte Arbeit zu ver\u00e4ndern.<\/p>\n\n\n\n<p>Gemeinsam mit anderen haupt- und ehrenamtlich agierenden Vereinsverantwortlichen im NOFV-Gebiet und im expliziten Austausch mit den angeschlossenen Fanszenen der Vereine soll der ungerechtfertigten, realit\u00e4tsfremden und insbesondere keiltreibenden Politik beispielsweise in der Bewertung und Sanktionierung von Pyrotechnik Einhalt geboten werden.<\/p>\n\n\n\n<p>Desweiteren rufen wir alle Gremien und angestellten F\u00fchrungskr\u00e4fte auf, in diesem Zusammenhang die F\u00f6rderung einer kritischen Haltung im Kreise der Mitarbeitenden einerseits und eine Auseinandersetzung in der Mitgliederschaft unseres FC Carl Zeiss Jena e.V. andererseits zu forcieren. Ein kritischer und progressiv l\u00f6sungsorientiert ausgerichteter FC Carl Zeiss muss und kann auf einer breiten Basis stehen.<\/p>\n\n\n\n<figure class=\"wp-block-image size-full\"><img loading=\"lazy\" decoding=\"async\" width=\"1024\" height=\"671\" src=\"http:\/\/www.horda-azzuro.de\/cms\/wp-content\/uploads\/2023\/11\/Logo.jpeg\" alt=\"\" class=\"wp-image-42337\" srcset=\"https:\/\/www.horda-azzuro.de\/cms\/wp-content\/uploads\/2023\/11\/Logo.jpeg 1024w, https:\/\/www.horda-azzuro.de\/cms\/wp-content\/uploads\/2023\/11\/Logo-300x197.jpeg 300w, https:\/\/www.horda-azzuro.de\/cms\/wp-content\/uploads\/2023\/11\/Logo-768x503.jpeg 768w, https:\/\/www.horda-azzuro.de\/cms\/wp-content\/uploads\/2023\/11\/Logo-400x262.jpeg 400w, https:\/\/www.horda-azzuro.de\/cms\/wp-content\/uploads\/2023\/11\/Logo-800x524.jpeg 800w\" sizes=\"auto, (max-width: 1024px) 100vw, 1024px\" \/><\/figure>\n\n\n\n<p><\/p>\n\n\n\n<p><strong>Zur Begr\u00fcndung:<\/strong><\/p>\n\n\n\n<p>Waren bis Mitte des Jahres bis zu 20.000 Euro m\u00f6glich, kann das&nbsp;NOFV-Sportgericht&nbsp;k\u00fcnftig Geldstrafen bis zu 50.000 Euro f\u00fcr einen Einzelfall aussprechen, falls der Ordnungsdienst nicht ausreichend war oder Schiedsrichter attackiert werden. Geisterspiele oder eine Platzsperre bleiben weiterhin m\u00f6glich.<\/p>\n\n\n\n<p>Woche f\u00fcr Woche wird landauf, landab Pyrotechnik als Folklore-Stilmittel der Fans verwendet. Das Ergebnis ist heute bzw. seit einigen Jahren fast \u00fcberall das gleiche. Medienvertreter \u00fcberschlagen sich sowohl in der Live-Berichterstattung als auch in der Nachbereitung \u2013 egal ob TV, Radio oder Print. Immer wieder ist von \u201eRandale\u201c oder \u201eChaoten\u201c zu lesen und es wird von \u201esogenannten Fans\u201c gesprochen, die das Bild vom ungetr\u00fcbten Fu\u00dfballfest aufs Spiel setzen.<\/p>\n\n\n\n<p>Wird auf den R\u00e4ngen Pyrotechnik eingesetzt, beobachtet man immer wieder die gleichen Reaktionen \u2013 nahezu alle Stadionbesucher recken die K\u00f6pfe und schauen sich das Spektakel an. Nicht Wenige greifen nach ihrem Telefon oder ihrer Kamera, um das Ganze auf Fotos oder Videos festzuhalten. Einige klatschen, andere schauen mit \u201eleuchtenden Augen\u201c hin und wieder andere steigen urpl\u00f6tzlich mit in die Ges\u00e4nge ein. Der Stimmungskern wird auch so etwas lauter. Erst danach kommt die Ern\u00fcchterung: \u201eDas kostet doch alles Geld!\u201c. Schnell folgt der Euphorie oder zumindest der Begeisterung ein schaler Beigeschmack. Und genau hier lohnt es sich anzusetzen.<\/p>\n\n\n\n<p>Die Strafenpolitik der Verb\u00e4nde spaltet die Vereine, treibt einen Keil zwischen offizielle Verantwortungstr\u00e4ger und die aktive Fanszene. Das Resultat der immer h\u00f6her ausgeurteilten Strafen kriminalisiert Pyrotechnik, verkennt aber die Realit\u00e4ten. Die Wahrheit ist, dass der absolute Gro\u00dfteil der Pyro-Kritik innerhalb der Vereine und Anh\u00e4ngerschaften nicht mit der Wirkung auf Stimmung oder einer vermeintlichen Verletzungsgefahr zusammenh\u00e4ngt, sondern mit der nicht lange auf sich warten lassenden Strafe f\u00fcr den Verein. Dieser falsche Zusammenhang muss endlich gebrochen werden. Wie kann es sein, dass etwas, das von der Mehrheit der regelm\u00e4\u00dfigen Stadionbesucher mindestens toleriert wird, von Medien und Verb\u00e4nden ins negative Licht ger\u00fcckt und mit derart hohen Strafen sanktioniert wird?<\/p>\n\n\n\n<p>Woher nehmen sich die Verb\u00e4nde das Recht, zu entscheiden, was zur Fankultur dazugeh\u00f6ren darf und was nicht?&nbsp;Wie lange wollen die Vereine inklusive ihrer Fans und Mitglieder noch zusehen, dass von au\u00dfen in die Atmosph\u00e4re im Stadion eingegriffen und der Zusammenhalt untereinander angegriffen wird?<\/p>\n\n\n\n<p>Verb\u00e4nde sind Kl\u00e4ger, Richter und Henker in einem. Sie wollen Geld wegen eines vermeintlichen Fehlverhaltens, das im \u00dcbrigen kein Verein auf dieser Welt verhindern kann. Der FCC darf und sollte sich gemeinsam mit diesbez\u00fcglich Verb\u00fcndeten daf\u00fcr stark machen, dass es aufh\u00f6rt, dass sich die Verb\u00e4nde auf Kosten der Vereine mit Strafbescheiden die Taschen vollschlagen.<\/p>\n\n\n\n<p>Noch nie sind Strafen ein taugliches Mittel gewesen, um Teile der Fankultur aus den Stadien zu verbannen. Stattdessen profitieren lediglich die Fu\u00dfballverb\u00e4nde von ihren selbsternannten Regeln. DFB, NOFV und Co. kassieren immer weiter und f\u00fcllen so weiter ihre Kasse. Wir wollen dieser Strafenpolitik entgegentreten, denn Strafen z\u00fcnden nicht!<\/p>\n\n\n\n<p>Aus einer Sanktion sollte im Normalfall eine Verhaltens\u00e4nderung folgen. Der Blick in die Stadien zeigt aber Woche f\u00fcr Woche, dass trotz der Strafen keine Regulierung im Sinne des Verbands stattfindet. Die Fans lassen sich ihre Pyrotechnik nicht verbieten und finden Wege, die Repressionsmechanismen des DFB und der untergeordneten Verb\u00e4nde ins Leere laufen zu lassen und damit auch die Argumentation des Verbands ad absurdum zu f\u00fchren. Pyrotechnik schadet den Vereinen nicht. Im Gegenteil, es kann sie auch attraktiver machen. Was den Vereinen schadet, ist das Strafenregime der Verb\u00e4nde. Und dieses gilt es, mit einer starken und gemeinsamen Stimme einzurei\u00dfen.<\/p>\n\n\n\n<p>Die Fanszene des FC Carl Zeiss ist ausreichend vernetzt, um auf dieser Ebene aktiv mitzuarbeiten und eine B\u00fcndnis-Arbeit anzutreiben. Wir stehen bereit.<\/p>\n\n\n\n<p>Wir w\u00fcnschen uns im Sinne des FC Carl Zeiss eine Zustimmung der Mitgliederschaft und eine vom heutigen Tage ausgehende strukturierte und entschlossene gemeinsame Arbeit. Wann, wenn nicht jetzt? Wer, wenn nicht wir alle zusammen?<\/p>\n\n\n\n<p><br>Vielen Dank!<\/p>\n<\/blockquote>\n<div class='avc_visit_counter_front_simple' style=\" width: 100%; max-width: 300px; border: 2px solid #000000; color:#000000; background-color:#ffffff; border-radius: 0px; float: left; padding: 5px\">  <\/div>","protected":false},"excerpt":{"rendered":"<p>Im Rahmen der am Samstag (25.11.2023) durchgef\u00fchrten Mitgliederversammlung unseres FC Carl Zeiss Jena e.V. wurde folgender Antrag mit einer mehr als deutlichen Stimmenmehrheit durch die Mitglieder angenommen.<\/p>\n","protected":false},"author":2,"featured_media":42336,"comment_status":"closed","ping_status":"closed","sticky":false,"template":"","format":"standard","meta":{"ngg_post_thumbnail":0,"footnotes":""},"categories":[1],"tags":[],"class_list":["post-42332","post","type-post","status-publish","format-standard","has-post-thumbnail","hentry","category-allgemein","has-thumbnail"],"_links":{"self":[{"href":"https:\/\/www.horda-azzuro.de\/cms\/index.php?rest_route=\/wp\/v2\/posts\/42332","targetHints":{"allow":["GET"]}}],"collection":[{"href":"https:\/\/www.horda-azzuro.de\/cms\/index.php?rest_route=\/wp\/v2\/posts"}],"about":[{"href":"https:\/\/www.horda-azzuro.de\/cms\/index.php?rest_route=\/wp\/v2\/types\/post"}],"author":[{"embeddable":true,"href":"https:\/\/www.horda-azzuro.de\/cms\/index.php?rest_route=\/wp\/v2\/users\/2"}],"replies":[{"embeddable":true,"href":"https:\/\/www.horda-azzuro.de\/cms\/index.php?rest_route=%2Fwp%2Fv2%2Fcomments&post=42332"}],"version-history":[{"count":6,"href":"https:\/\/www.horda-azzuro.de\/cms\/index.php?rest_route=\/wp\/v2\/posts\/42332\/revisions"}],"predecessor-version":[{"id":42342,"href":"https:\/\/www.horda-azzuro.de\/cms\/index.php?rest_route=\/wp\/v2\/posts\/42332\/revisions\/42342"}],"wp:featuredmedia":[{"embeddable":true,"href":"https:\/\/www.horda-azzuro.de\/cms\/index.php?rest_route=\/wp\/v2\/media\/42336"}],"wp:attachment":[{"href":"https:\/\/www.horda-azzuro.de\/cms\/index.php?rest_route=%2Fwp%2Fv2%2Fmedia&parent=42332"}],"wp:term":[{"taxonomy":"category","embeddable":true,"href":"https:\/\/www.horda-azzuro.de\/cms\/index.php?rest_route=%2Fwp%2Fv2%2Fcategories&post=42332"},{"taxonomy":"post_tag","embeddable":true,"href":"https:\/\/www.horda-azzuro.de\/cms\/index.php?rest_route=%2Fwp%2Fv2%2Ftags&post=42332"}],"curies":[{"name":"wp","href":"https:\/\/api.w.org\/{rel}","templated":true}]}}