{"id":42537,"date":"2024-01-18T00:45:25","date_gmt":"2024-01-17T23:45:25","guid":{"rendered":"http:\/\/www.horda-azzuro.de\/cms\/?p=42537"},"modified":"2024-01-18T00:47:02","modified_gmt":"2024-01-17T23:47:02","slug":"34-internationales-karl-schnieke-turnier","status":"publish","type":"post","link":"https:\/\/www.horda-azzuro.de\/cms\/?p=42537","title":{"rendered":"34. Internationales Karl-Schnieke-Turnier"},"content":{"rendered":"\n<p>Urspr\u00fcnglich wollten wir anl\u00e4sslich des 20. Geburtstag der Horda Azzuro in der Saison 2021\/2022 unserem Verein ein spezielles Geschenk machen: das traditionsreiche Schnieke-Turnier, welches erstmals 1988 in unserer Saale-Stadt ausgetragen wurde, sollte mehr Beachtung und Wohlwollen erfahren. Wir waren und sind uns sicher: der bedeutenden Rolle des Nachwuchsfu\u00dfballs im FC Carl Zeiss und der aktiven sowie der sportlich-passiven Leidenschaft abseits der Profimannschaft darf deutlich mehr Aufmerksamkeit zuteil werden.<\/p>\n\n\n\n<p>Nach zwei pandemiebedingten Absagen lie\u00dfen wir nicht locker und erf\u00fcllten uns nun als Mitglieder des Vereins einen kleinen Traum. \u00dcber Monate wirkten die Ultras an vorderster Front in den Vorbereitungen mit und konnten mit ihrem Mut \u00fcberzeugen: neue, gr\u00f6\u00dfere und praktikablere Halle, sichtbare Mobilisierung, erstmals ein regional besetztes und wertsch\u00e4tzendes Qualifikationsturnier um einen letzten Startplatz im Hauptwettkampf, ein deutliches vereinspolitisches Zeichen durch die Einladung der violetten Austria aus Salzburg und viele weitere kleine Details.<\/p>\n\n\n\n<p>DAS war Fu\u00dfball. DAS war FC Carl Zeiss.  <\/p>\n\n\n\n<p>Weitere Informationen zum Turnier finden sich hier: www.karl-schnieke-turnier.de<\/p>\n\n\n\nngg_shortcode_0_placeholder\n<div class='avc_visit_counter_front_simple' style=\" width: 100%; max-width: 300px; border: 2px solid #000000; color:#000000; background-color:#ffffff; border-radius: 0px; float: left; padding: 5px\">  <\/div>","protected":false},"excerpt":{"rendered":"<p>Urspr\u00fcnglich wollten wir anl\u00e4sslich des 20. Geburtstag der Horda Azzuro in der Saison 2021\/2022 unserem Verein ein spezielles Geschenk machen: das traditionsreiche Schnieke-Turnier, welches erstmals 1988 in unserer Saale-Stadt ausgetragen wurde, sollte mehr Beachtung und Wohlwollen erfahren. Wir waren und sind uns sicher: der bedeutenden Rolle des Nachwuchsfu\u00dfballs im FC Carl Zeiss und der aktiven [&hellip;]<\/p>\n","protected":false},"author":2,"featured_media":42538,"comment_status":"closed","ping_status":"closed","sticky":false,"template":"","format":"standard","meta":{"ngg_post_thumbnail":0,"footnotes":""},"categories":[1],"tags":[],"class_list":["post-42537","post","type-post","status-publish","format-standard","has-post-thumbnail","hentry","category-allgemein","has-thumbnail"],"_links":{"self":[{"href":"https:\/\/www.horda-azzuro.de\/cms\/index.php?rest_route=\/wp\/v2\/posts\/42537","targetHints":{"allow":["GET"]}}],"collection":[{"href":"https:\/\/www.horda-azzuro.de\/cms\/index.php?rest_route=\/wp\/v2\/posts"}],"about":[{"href":"https:\/\/www.horda-azzuro.de\/cms\/index.php?rest_route=\/wp\/v2\/types\/post"}],"author":[{"embeddable":true,"href":"https:\/\/www.horda-azzuro.de\/cms\/index.php?rest_route=\/wp\/v2\/users\/2"}],"replies":[{"embeddable":true,"href":"https:\/\/www.horda-azzuro.de\/cms\/index.php?rest_route=%2Fwp%2Fv2%2Fcomments&post=42537"}],"version-history":[{"count":2,"href":"https:\/\/www.horda-azzuro.de\/cms\/index.php?rest_route=\/wp\/v2\/posts\/42537\/revisions"}],"predecessor-version":[{"id":42541,"href":"https:\/\/www.horda-azzuro.de\/cms\/index.php?rest_route=\/wp\/v2\/posts\/42537\/revisions\/42541"}],"wp:featuredmedia":[{"embeddable":true,"href":"https:\/\/www.horda-azzuro.de\/cms\/index.php?rest_route=\/wp\/v2\/media\/42538"}],"wp:attachment":[{"href":"https:\/\/www.horda-azzuro.de\/cms\/index.php?rest_route=%2Fwp%2Fv2%2Fmedia&parent=42537"}],"wp:term":[{"taxonomy":"category","embeddable":true,"href":"https:\/\/www.horda-azzuro.de\/cms\/index.php?rest_route=%2Fwp%2Fv2%2Fcategories&post=42537"},{"taxonomy":"post_tag","embeddable":true,"href":"https:\/\/www.horda-azzuro.de\/cms\/index.php?rest_route=%2Fwp%2Fv2%2Ftags&post=42537"}],"curies":[{"name":"wp","href":"https:\/\/api.w.org\/{rel}","templated":true}]}}