{"id":43643,"date":"2024-08-03T13:27:12","date_gmt":"2024-08-03T11:27:12","guid":{"rendered":"https:\/\/www.horda-azzuro.de\/cms\/?p=43643"},"modified":"2024-08-03T13:35:33","modified_gmt":"2024-08-03T11:35:33","slug":"zurueck-im-sueden","status":"publish","type":"post","link":"https:\/\/www.horda-azzuro.de\/cms\/?p=43643","title":{"rendered":"Zur\u00fcck im S\u00fcden!"},"content":{"rendered":"\n<p>Wir k\u00f6nnten B\u00fccher schreiben, allein \u00fcber diesen unglaublichen Tag. Doch wir werden in erster Linie Bilder sprechen lassen. <\/p>\n\n\n\n<p>Zur\u00fcck in unserer Kurve, nach schier unendlich langer Zeit des Rackerns, daf\u00fcr gibt es keine Worte. Gleichzeitig war es auch die R\u00fcckkehr der Pioniere der Gradinata Sud von Sampdoria, welche wir mit Dankbarkeit in Jena empfingen. Ein Tag im Zeichen der Ultras, der Unbeugsamkeit und des Respektes.<\/p>\n\n\n\n<p>S\u00dcDKURVE F\u00dcR IMMER! F\u00dcR IMMER ULTRAS!<\/p>\n\n\n\n<p><\/p>\n\n\n\n<p style=\"font-style:italic;font-weight:400\">Potremmo scrivere libri solo su questa incredibile giornata. Ma prima di tutto lasceremo che le immagini parlino da sole.<\/p>\n\n\n\n<p style=\"font-style:italic;font-weight:400\">Tornati nel nostro angolo, dopo un tempo quasi infinitamente lungo in cui ci siamo scervellati, non ci sono parole per descriverlo. \u00c8 stato anche il ritorno dei pionieri della Gradinata Sud della Sampdoria, che abbiamo riaccolto a Jena con gratitudine. Una giornata caratterizzata dagli Ultras, dall&#8217;inflessibilit\u00e0 e dal rispetto.<\/p>\n\n\n\n<p style=\"font-style:italic;font-weight:400\">S\u00dcDKURVE PER SEMPRE! PER SEMPRE ULTRAS!<\/p>\n\n\n\nngg_shortcode_0_placeholder\n<div class='avc_visit_counter_front_simple' style=\" width: 100%; max-width: 300px; border: 2px solid #000000; color:#000000; background-color:#ffffff; border-radius: 0px; float: left; padding: 5px\">  <\/div>","protected":false},"excerpt":{"rendered":"<p>Wir k\u00f6nnten B\u00fccher schreiben, allein \u00fcber diesen unglaublichen Tag. Doch wir werden in erster Linie Bilder sprechen lassen. Zur\u00fcck in unserer Kurve, nach schier unendlich langer Zeit des Rackerns, daf\u00fcr gibt es keine Worte. Gleichzeitig war es auch die R\u00fcckkehr der Pioniere der Gradinata Sud von Sampdoria, welche wir mit Dankbarkeit in Jena empfingen. Ein [&hellip;]<\/p>\n","protected":false},"author":2,"featured_media":43649,"comment_status":"closed","ping_status":"closed","sticky":false,"template":"","format":"standard","meta":{"ngg_post_thumbnail":0,"footnotes":""},"categories":[1],"tags":[],"class_list":["post-43643","post","type-post","status-publish","format-standard","has-post-thumbnail","hentry","category-allgemein","has-thumbnail"],"_links":{"self":[{"href":"https:\/\/www.horda-azzuro.de\/cms\/index.php?rest_route=\/wp\/v2\/posts\/43643","targetHints":{"allow":["GET"]}}],"collection":[{"href":"https:\/\/www.horda-azzuro.de\/cms\/index.php?rest_route=\/wp\/v2\/posts"}],"about":[{"href":"https:\/\/www.horda-azzuro.de\/cms\/index.php?rest_route=\/wp\/v2\/types\/post"}],"author":[{"embeddable":true,"href":"https:\/\/www.horda-azzuro.de\/cms\/index.php?rest_route=\/wp\/v2\/users\/2"}],"replies":[{"embeddable":true,"href":"https:\/\/www.horda-azzuro.de\/cms\/index.php?rest_route=%2Fwp%2Fv2%2Fcomments&post=43643"}],"version-history":[{"count":5,"href":"https:\/\/www.horda-azzuro.de\/cms\/index.php?rest_route=\/wp\/v2\/posts\/43643\/revisions"}],"predecessor-version":[{"id":43648,"href":"https:\/\/www.horda-azzuro.de\/cms\/index.php?rest_route=\/wp\/v2\/posts\/43643\/revisions\/43648"}],"wp:featuredmedia":[{"embeddable":true,"href":"https:\/\/www.horda-azzuro.de\/cms\/index.php?rest_route=\/wp\/v2\/media\/43649"}],"wp:attachment":[{"href":"https:\/\/www.horda-azzuro.de\/cms\/index.php?rest_route=%2Fwp%2Fv2%2Fmedia&parent=43643"}],"wp:term":[{"taxonomy":"category","embeddable":true,"href":"https:\/\/www.horda-azzuro.de\/cms\/index.php?rest_route=%2Fwp%2Fv2%2Fcategories&post=43643"},{"taxonomy":"post_tag","embeddable":true,"href":"https:\/\/www.horda-azzuro.de\/cms\/index.php?rest_route=%2Fwp%2Fv2%2Ftags&post=43643"}],"curies":[{"name":"wp","href":"https:\/\/api.w.org\/{rel}","templated":true}]}}