{"id":44443,"date":"2024-11-10T18:36:46","date_gmt":"2024-11-10T17:36:46","guid":{"rendered":"https:\/\/www.horda-azzuro.de\/cms\/?p=44443"},"modified":"2024-11-10T18:48:54","modified_gmt":"2024-11-10T17:48:54","slug":"blau-gelb-weisse-weihnachten-2024","status":"publish","type":"post","link":"https:\/\/www.horda-azzuro.de\/cms\/?p=44443","title":{"rendered":"Blau-Gelb-Wei\u00dfe Weihnachten 2024!"},"content":{"rendered":"\n<p>Liebe FCC-Fans!<br>Es sind gar nicht mehr so viele Wochen, bis die Weihnachtszeit vor der T\u00fcr steht. Dies nehmen wir bereits zum f\u00fcnften Mal in Folge zum Anlass, um innerhalb unserer Fanlandschaft Spenden f\u00fcr soziale Projekte in unserer blau-gelb-wei\u00dfen Region zu sammeln. Dieses Jahr setzen wir ganz auf Geldspenden. Mit diesen werden wir zweckgerichtet Anschaffungen t\u00e4tigen und diese einer Vielzahl an Projekten zukommen lassen, die sonst eher weniger Unterst\u00fctzung erhalten.<\/p>\n\n\n\n<p>Folgt gerne unserem Instagram-Account fcc.fans.helfen und bleibt auf dem Laufenden &#8211; dort werden wir in den kommenden Wochen die Einrichtungen und Projekte n\u00e4her vorstellen.<\/p>\n\n\n\n<p>Zudem wird es zum n\u00e4chsten Heimspiel gegen Chemie Leipzig eine gro\u00dfe Spendensammlung im Stadion geben, Spenden per \u00dcberweisung oder PayPal sind nat\u00fcrlich auch m\u00f6glich.<\/p>\n\n\n\n<p>Vielen Dank f\u00fcr eure Unterst\u00fctzung!<\/p>\n\n\n\n<figure class=\"wp-block-image size-large\"><img loading=\"lazy\" decoding=\"async\" width=\"1024\" height=\"1024\" src=\"https:\/\/www.horda-azzuro.de\/cms\/wp-content\/uploads\/2024\/11\/bgww2024_Flyer1_V2-2-1024x1024.jpg\" alt=\"\" class=\"wp-image-44452\" srcset=\"https:\/\/www.horda-azzuro.de\/cms\/wp-content\/uploads\/2024\/11\/bgww2024_Flyer1_V2-2-1024x1024.jpg 1024w, https:\/\/www.horda-azzuro.de\/cms\/wp-content\/uploads\/2024\/11\/bgww2024_Flyer1_V2-2-300x300.jpg 300w, https:\/\/www.horda-azzuro.de\/cms\/wp-content\/uploads\/2024\/11\/bgww2024_Flyer1_V2-2-150x150.jpg 150w, https:\/\/www.horda-azzuro.de\/cms\/wp-content\/uploads\/2024\/11\/bgww2024_Flyer1_V2-2-768x768.jpg 768w, https:\/\/www.horda-azzuro.de\/cms\/wp-content\/uploads\/2024\/11\/bgww2024_Flyer1_V2-2-1536x1536.jpg 1536w, https:\/\/www.horda-azzuro.de\/cms\/wp-content\/uploads\/2024\/11\/bgww2024_Flyer1_V2-2-2048x2048.jpg 2048w, https:\/\/www.horda-azzuro.de\/cms\/wp-content\/uploads\/2024\/11\/bgww2024_Flyer1_V2-2-1870x1870.jpg 1870w, https:\/\/www.horda-azzuro.de\/cms\/wp-content\/uploads\/2024\/11\/bgww2024_Flyer1_V2-2-400x400.jpg 400w, https:\/\/www.horda-azzuro.de\/cms\/wp-content\/uploads\/2024\/11\/bgww2024_Flyer1_V2-2-800x800.jpg 800w\" sizes=\"auto, (max-width: 1024px) 100vw, 1024px\" \/><\/figure>\n\n\n\n<p><\/p>\n<div class='avc_visit_counter_front_simple' style=\" width: 100%; max-width: 300px; border: 2px solid #000000; color:#000000; background-color:#ffffff; border-radius: 0px; float: left; padding: 5px\">  <\/div>","protected":false},"excerpt":{"rendered":"<p>Liebe FCC-Fans!Es sind gar nicht mehr so viele Wochen, bis die Weihnachtszeit vor der T\u00fcr steht. Dies nehmen wir bereits zum f\u00fcnften Mal in Folge zum Anlass, um innerhalb unserer Fanlandschaft Spenden f\u00fcr soziale Projekte in unserer blau-gelb-wei\u00dfen Region zu sammeln. Dieses Jahr setzen wir ganz auf Geldspenden. Mit diesen werden wir zweckgerichtet Anschaffungen t\u00e4tigen [&hellip;]<\/p>\n","protected":false},"author":2,"featured_media":44445,"comment_status":"closed","ping_status":"closed","sticky":false,"template":"","format":"standard","meta":{"ngg_post_thumbnail":0,"footnotes":""},"categories":[1],"tags":[],"class_list":["post-44443","post","type-post","status-publish","format-standard","has-post-thumbnail","hentry","category-allgemein","has-thumbnail"],"_links":{"self":[{"href":"https:\/\/www.horda-azzuro.de\/cms\/index.php?rest_route=\/wp\/v2\/posts\/44443","targetHints":{"allow":["GET"]}}],"collection":[{"href":"https:\/\/www.horda-azzuro.de\/cms\/index.php?rest_route=\/wp\/v2\/posts"}],"about":[{"href":"https:\/\/www.horda-azzuro.de\/cms\/index.php?rest_route=\/wp\/v2\/types\/post"}],"author":[{"embeddable":true,"href":"https:\/\/www.horda-azzuro.de\/cms\/index.php?rest_route=\/wp\/v2\/users\/2"}],"replies":[{"embeddable":true,"href":"https:\/\/www.horda-azzuro.de\/cms\/index.php?rest_route=%2Fwp%2Fv2%2Fcomments&post=44443"}],"version-history":[{"count":5,"href":"https:\/\/www.horda-azzuro.de\/cms\/index.php?rest_route=\/wp\/v2\/posts\/44443\/revisions"}],"predecessor-version":[{"id":44454,"href":"https:\/\/www.horda-azzuro.de\/cms\/index.php?rest_route=\/wp\/v2\/posts\/44443\/revisions\/44454"}],"wp:featuredmedia":[{"embeddable":true,"href":"https:\/\/www.horda-azzuro.de\/cms\/index.php?rest_route=\/wp\/v2\/media\/44445"}],"wp:attachment":[{"href":"https:\/\/www.horda-azzuro.de\/cms\/index.php?rest_route=%2Fwp%2Fv2%2Fmedia&parent=44443"}],"wp:term":[{"taxonomy":"category","embeddable":true,"href":"https:\/\/www.horda-azzuro.de\/cms\/index.php?rest_route=%2Fwp%2Fv2%2Fcategories&post=44443"},{"taxonomy":"post_tag","embeddable":true,"href":"https:\/\/www.horda-azzuro.de\/cms\/index.php?rest_route=%2Fwp%2Fv2%2Ftags&post=44443"}],"curies":[{"name":"wp","href":"https:\/\/api.w.org\/{rel}","templated":true}]}}