{"id":45564,"date":"2025-04-16T00:05:37","date_gmt":"2025-04-15T22:05:37","guid":{"rendered":"https:\/\/www.horda-azzuro.de\/cms\/?p=45564"},"modified":"2025-04-16T00:09:06","modified_gmt":"2025-04-15T22:09:06","slug":"sieg-in-berlin-am-aktionsspieltag","status":"publish","type":"post","link":"https:\/\/www.horda-azzuro.de\/cms\/?p=45564","title":{"rendered":"Sieg in Berlin am Aktionsspieltag!"},"content":{"rendered":"\n<p>Im ersten von zwei aufeinander folgenden Aktionsspieltagen der &#8220;VERBANDSSTRAFEN ABSCHAFFEN&#8221;-Offensive, gleichzeitig Spiel 1 nach der Derbyniederlage, gewann das Team \u00fcberraschend klar bei den Hertha-Amateuren.<\/p>\n\n\n\n<p>Es galt f\u00fcr uns &#8211; gemeinsam mit allen anderen angeschlossenen Kurven &#8211; ein Zeichen zu setzen, Inhalte und Forderungen deutlich mehr als sonst ins Stadion zu tragen. Dar\u00fcber hinaus bem\u00fchte sich die gro\u00dfe Meute im G\u00e4steblock in Summe nicht mit der letzten Konsequenz, die Niederlage aus dem Derby abzusch\u00fctteln. Akustisch daher diesmal nur Mittelma\u00df von der S\u00fcdkurve.<\/p>\n\n\n\n<p>Der Gastgeber machte abermals mit fehlender Tageskasse eine schlechte Figur, \u00fcberzeugte aber daf\u00fcr mit einer offen und sattelfest vorgetragenen, ehrlichen Thematisierung des gemeinsamen Ansinnens und pr\u00e4senter Botschaften der Ostkurve.<\/p>\n\n\n\n<p><strong>VERBANDSSTRAFEN ABSCHAFFEN &#8211; STRAFEN Z\u00dcNDEN NICHT!<\/strong><\/p>\n\n\n\nngg_shortcode_0_placeholder\n<div class='avc_visit_counter_front_simple' style=\" width: 100%; max-width: 300px; border: 2px solid #000000; color:#000000; background-color:#ffffff; border-radius: 0px; float: left; padding: 5px\">  <\/div>","protected":false},"excerpt":{"rendered":"<p>Im ersten von zwei aufeinander folgenden Aktionsspieltagen der &#8220;VERBANDSSTRAFEN ABSCHAFFEN&#8221;-Offensive, gleichzeitig Spiel 1 nach der Derbyniederlage, gewann das Team \u00fcberraschend klar bei den Hertha-Amateuren. Es galt f\u00fcr uns &#8211; gemeinsam mit allen anderen angeschlossenen Kurven &#8211; ein Zeichen zu setzen, Inhalte und Forderungen deutlich mehr als sonst ins Stadion zu tragen. Dar\u00fcber hinaus bem\u00fchte sich [&hellip;]<\/p>\n","protected":false},"author":2,"featured_media":45565,"comment_status":"closed","ping_status":"closed","sticky":false,"template":"","format":"standard","meta":{"ngg_post_thumbnail":0,"footnotes":""},"categories":[1],"tags":[],"class_list":["post-45564","post","type-post","status-publish","format-standard","has-post-thumbnail","hentry","category-allgemein","has-thumbnail"],"_links":{"self":[{"href":"https:\/\/www.horda-azzuro.de\/cms\/index.php?rest_route=\/wp\/v2\/posts\/45564","targetHints":{"allow":["GET"]}}],"collection":[{"href":"https:\/\/www.horda-azzuro.de\/cms\/index.php?rest_route=\/wp\/v2\/posts"}],"about":[{"href":"https:\/\/www.horda-azzuro.de\/cms\/index.php?rest_route=\/wp\/v2\/types\/post"}],"author":[{"embeddable":true,"href":"https:\/\/www.horda-azzuro.de\/cms\/index.php?rest_route=\/wp\/v2\/users\/2"}],"replies":[{"embeddable":true,"href":"https:\/\/www.horda-azzuro.de\/cms\/index.php?rest_route=%2Fwp%2Fv2%2Fcomments&post=45564"}],"version-history":[{"count":5,"href":"https:\/\/www.horda-azzuro.de\/cms\/index.php?rest_route=\/wp\/v2\/posts\/45564\/revisions"}],"predecessor-version":[{"id":45572,"href":"https:\/\/www.horda-azzuro.de\/cms\/index.php?rest_route=\/wp\/v2\/posts\/45564\/revisions\/45572"}],"wp:featuredmedia":[{"embeddable":true,"href":"https:\/\/www.horda-azzuro.de\/cms\/index.php?rest_route=\/wp\/v2\/media\/45565"}],"wp:attachment":[{"href":"https:\/\/www.horda-azzuro.de\/cms\/index.php?rest_route=%2Fwp%2Fv2%2Fmedia&parent=45564"}],"wp:term":[{"taxonomy":"category","embeddable":true,"href":"https:\/\/www.horda-azzuro.de\/cms\/index.php?rest_route=%2Fwp%2Fv2%2Fcategories&post=45564"},{"taxonomy":"post_tag","embeddable":true,"href":"https:\/\/www.horda-azzuro.de\/cms\/index.php?rest_route=%2Fwp%2Fv2%2Ftags&post=45564"}],"curies":[{"name":"wp","href":"https:\/\/api.w.org\/{rel}","templated":true}]}}