{"id":45999,"date":"2025-07-31T23:07:40","date_gmt":"2025-07-31T21:07:40","guid":{"rendered":"https:\/\/www.horda-azzuro.de\/cms\/?p=45999"},"modified":"2025-07-31T23:10:53","modified_gmt":"2025-07-31T21:10:53","slug":"45999","status":"publish","type":"post","link":"https:\/\/www.horda-azzuro.de\/cms\/?p=45999","title":{"rendered":"Sommerpause ad\u00e9 &#8211; Ausw\u00e4rtssieg ol\u00e9!"},"content":{"rendered":"\n<p>Das erste Pflichtspielwochenende der neuen Saison stand f\u00fcr den harten Kern der Kurve im Zeichen der Freundschaft und einem stolzen Jubil\u00e4um. Weil es einfach nur zusammen vorw\u00e4rts geht, pr\u00e4gten unz\u00e4hlige gemeinsame Stunden in M\u00fcnchen, Jena und Babelsberg den Startschuss. Gekr\u00f6nt von einem souver\u00e4nen Ausw\u00e4rtssieg der Blaugelbwei\u00dfen!<\/p>\n\n\n\n<p><strong>ULTRAS\u00dcDKURVE!<\/strong><\/p>\n\n\n\nngg_shortcode_0_placeholder\n<div class='avc_visit_counter_front_simple' style=\" width: 100%; max-width: 300px; border: 2px solid #000000; color:#000000; background-color:#ffffff; border-radius: 0px; float: left; padding: 5px\">  <\/div>","protected":false},"excerpt":{"rendered":"<p>Das erste Pflichtspielwochenende der neuen Saison stand f\u00fcr den harten Kern der Kurve im Zeichen der Freundschaft und einem stolzen Jubil\u00e4um. Weil es einfach nur zusammen vorw\u00e4rts geht, pr\u00e4gten unz\u00e4hlige gemeinsame Stunden in M\u00fcnchen, Jena und Babelsberg den Startschuss. Gekr\u00f6nt von einem souver\u00e4nen Ausw\u00e4rtssieg der Blaugelbwei\u00dfen! ULTRAS\u00dcDKURVE!<\/p>\n","protected":false},"author":2,"featured_media":46000,"comment_status":"closed","ping_status":"closed","sticky":false,"template":"","format":"standard","meta":{"ngg_post_thumbnail":0,"footnotes":""},"categories":[1],"tags":[],"class_list":["post-45999","post","type-post","status-publish","format-standard","has-post-thumbnail","hentry","category-allgemein","has-thumbnail"],"_links":{"self":[{"href":"https:\/\/www.horda-azzuro.de\/cms\/index.php?rest_route=\/wp\/v2\/posts\/45999","targetHints":{"allow":["GET"]}}],"collection":[{"href":"https:\/\/www.horda-azzuro.de\/cms\/index.php?rest_route=\/wp\/v2\/posts"}],"about":[{"href":"https:\/\/www.horda-azzuro.de\/cms\/index.php?rest_route=\/wp\/v2\/types\/post"}],"author":[{"embeddable":true,"href":"https:\/\/www.horda-azzuro.de\/cms\/index.php?rest_route=\/wp\/v2\/users\/2"}],"replies":[{"embeddable":true,"href":"https:\/\/www.horda-azzuro.de\/cms\/index.php?rest_route=%2Fwp%2Fv2%2Fcomments&post=45999"}],"version-history":[{"count":2,"href":"https:\/\/www.horda-azzuro.de\/cms\/index.php?rest_route=\/wp\/v2\/posts\/45999\/revisions"}],"predecessor-version":[{"id":46002,"href":"https:\/\/www.horda-azzuro.de\/cms\/index.php?rest_route=\/wp\/v2\/posts\/45999\/revisions\/46002"}],"wp:featuredmedia":[{"embeddable":true,"href":"https:\/\/www.horda-azzuro.de\/cms\/index.php?rest_route=\/wp\/v2\/media\/46000"}],"wp:attachment":[{"href":"https:\/\/www.horda-azzuro.de\/cms\/index.php?rest_route=%2Fwp%2Fv2%2Fmedia&parent=45999"}],"wp:term":[{"taxonomy":"category","embeddable":true,"href":"https:\/\/www.horda-azzuro.de\/cms\/index.php?rest_route=%2Fwp%2Fv2%2Fcategories&post=45999"},{"taxonomy":"post_tag","embeddable":true,"href":"https:\/\/www.horda-azzuro.de\/cms\/index.php?rest_route=%2Fwp%2Fv2%2Ftags&post=45999"}],"curies":[{"name":"wp","href":"https:\/\/api.w.org\/{rel}","templated":true}]}}