{"id":46012,"date":"2025-08-01T17:30:00","date_gmt":"2025-08-01T15:30:00","guid":{"rendered":"https:\/\/www.horda-azzuro.de\/cms\/?p=46012"},"modified":"2025-08-01T16:15:06","modified_gmt":"2025-08-01T14:15:06","slug":"bekanntgabe-zum-heimspielauftakt","status":"publish","type":"post","link":"https:\/\/www.horda-azzuro.de\/cms\/?p=46012","title":{"rendered":"Bekanntgabe zum Heimspielauftakt!"},"content":{"rendered":"\n<p>Am heutigen Freitagabend startet unser FC Carl Zeiss ins erste Heimspiel der jungen Regionalliga-Saison 25\/26: ein wichtiger Anlass, welcher urspr\u00fcnglich bereits eine vergr\u00f6\u00dferte S\u00dcDKURVE erleben sollte und auf Grund der gro\u00dfen Nachfrage auch verdient h\u00e4tte. Doch die M\u00fchlen mahlen langsam\u2026<\/p>\n\n\n\n<p>Wir arbeiten weiter an unseren Pl\u00e4nen und k\u00f6nnen bereits auf erste Schritte in die richtige Richtung blicken. In den kommenden Wochen und Monaten werden weitere, Fakten schaffende Ma\u00dfnahmen auf der S\u00fcdseite des Stadions folgen, um zun\u00e4chst eine erste Vergr\u00f6\u00dferung des Stehplatz-Bereiches zu erreichen. Wir w\u00e4ren nicht die S\u00dcDKURVE, wenn wir hier nicht bedingungslos am Ball w\u00e4ren.<\/p>\n\n\n\n<p>Unabh\u00e4ngig davon setzt sich dieser Tage fort, was in der vergangenen Saison mehr und mehr zu sp\u00fcren war: die Kurve ist ein Magnet f\u00fcr motivierte Zeiss-Fans aller Altersklassen, welche schlichtweg Bock auf lautstarke Unterst\u00fctzung, Tifo, Geschlossenheit und einen unabh\u00e4ngigen Blick haben. Die aktuelle Platzkapazit\u00e4t kann der hohen Nachfrage an Eintrittskarten aber l\u00e4ngst nicht mehr gerecht werden.&nbsp;<\/p>\n\n\n\n<p>Wir gehen aus diesem Grund einen ungew\u00f6hnlichen Schritt und vergr\u00f6\u00dfern unseren Sektor VOR\u00dcBERGEHEND in Richtung S\u00fcdosten. Ein Teil des Block M wird ab heute Abend bereit stehen, um den bisherigen S\u00dcDKURVE-Bereich zu vergr\u00f6\u00dfern. Die Gemeinschaft der SK-Gruppen wird vor allem jungen Mitstreitenden bei Bedarf beim Kauf der Eintrittskarten finanziell unter die Arme greifen. Anspruch und Verantwortung erstrecken sich uneingeschr\u00e4nkt auf den zus\u00e4tzlichen Bereich. Der andere Teil des M-Blockes bleibt von der Vorgehensweise unber\u00fchrt.<\/p>\n\n\n\n<p>F\u00fcr uns steht fest, dass dieser Schritt nur vor\u00fcbergehenden Charakter haben soll, da die Ausweitung mittelfristig in Richtung Kurvenmitte erfolgt. Alle ehrlich Interessierten d\u00fcrfen sich eingeladen f\u00fchlen, in der SK dabei zu sein.&nbsp;<\/p>\n\n\n\n<p>Bei Fragen, Anliegen oder Schmerzen stehen wir wie gewohnt bereit. Wir sind \u00fcberall und jederzeit erreich- und ansprechbar.<\/p>\n\n\n\n<p><strong>S\u00dcDKURVE F\u00dcR IMMER!<\/strong><\/p>\n\n\n\n<p><\/p>\n<div class='avc_visit_counter_front_simple' style=\" width: 100%; max-width: 300px; border: 2px solid #000000; color:#000000; background-color:#ffffff; border-radius: 0px; float: left; padding: 5px\">  <\/div>","protected":false},"excerpt":{"rendered":"<p>Am heutigen Freitagabend startet unser FC Carl Zeiss ins erste Heimspiel der jungen Regionalliga-Saison 25\/26: ein wichtiger Anlass, welcher urspr\u00fcnglich bereits eine vergr\u00f6\u00dferte S\u00dcDKURVE erleben sollte und auf Grund der gro\u00dfen Nachfrage auch verdient h\u00e4tte. Doch die M\u00fchlen mahlen langsam\u2026 Wir arbeiten weiter an unseren Pl\u00e4nen und k\u00f6nnen bereits auf erste Schritte in die richtige [&hellip;]<\/p>\n","protected":false},"author":2,"featured_media":0,"comment_status":"closed","ping_status":"closed","sticky":false,"template":"","format":"standard","meta":{"ngg_post_thumbnail":0,"footnotes":""},"categories":[1],"tags":[],"class_list":["post-46012","post","type-post","status-publish","format-standard","hentry","category-allgemein","missing-thumbnail"],"_links":{"self":[{"href":"https:\/\/www.horda-azzuro.de\/cms\/index.php?rest_route=\/wp\/v2\/posts\/46012","targetHints":{"allow":["GET"]}}],"collection":[{"href":"https:\/\/www.horda-azzuro.de\/cms\/index.php?rest_route=\/wp\/v2\/posts"}],"about":[{"href":"https:\/\/www.horda-azzuro.de\/cms\/index.php?rest_route=\/wp\/v2\/types\/post"}],"author":[{"embeddable":true,"href":"https:\/\/www.horda-azzuro.de\/cms\/index.php?rest_route=\/wp\/v2\/users\/2"}],"replies":[{"embeddable":true,"href":"https:\/\/www.horda-azzuro.de\/cms\/index.php?rest_route=%2Fwp%2Fv2%2Fcomments&post=46012"}],"version-history":[{"count":1,"href":"https:\/\/www.horda-azzuro.de\/cms\/index.php?rest_route=\/wp\/v2\/posts\/46012\/revisions"}],"predecessor-version":[{"id":46013,"href":"https:\/\/www.horda-azzuro.de\/cms\/index.php?rest_route=\/wp\/v2\/posts\/46012\/revisions\/46013"}],"wp:attachment":[{"href":"https:\/\/www.horda-azzuro.de\/cms\/index.php?rest_route=%2Fwp%2Fv2%2Fmedia&parent=46012"}],"wp:term":[{"taxonomy":"category","embeddable":true,"href":"https:\/\/www.horda-azzuro.de\/cms\/index.php?rest_route=%2Fwp%2Fv2%2Fcategories&post=46012"},{"taxonomy":"post_tag","embeddable":true,"href":"https:\/\/www.horda-azzuro.de\/cms\/index.php?rest_route=%2Fwp%2Fv2%2Ftags&post=46012"}],"curies":[{"name":"wp","href":"https:\/\/api.w.org\/{rel}","templated":true}]}}