{"id":46067,"date":"2025-08-12T00:16:10","date_gmt":"2025-08-11T22:16:10","guid":{"rendered":"https:\/\/www.horda-azzuro.de\/cms\/?p=46067"},"modified":"2025-08-12T00:16:12","modified_gmt":"2025-08-11T22:16:12","slug":"faire-ticketpreise-ueberall-und-fuer-alle","status":"publish","type":"post","link":"https:\/\/www.horda-azzuro.de\/cms\/?p=46067","title":{"rendered":"FAIRE TICKETPREISE \u2013 \u00dcBERALL UND F\u00dcR ALLE!"},"content":{"rendered":"\n<p>Wenn am kommenden Samstag unser FCC in Weida gastiert, wird die S\u00dcDKURVE vor Ort sein, allerdings werden wir den \u201eRoten H\u00fcgel\u201c nicht betreten.<\/p>\n\n\n\n<p>Dies ist zur\u00fcckzuf\u00fchren auf die dortigen Eintrittspreise f\u00fcr das Landespokalspiel, die in unseren Augen ungerecht gegen\u00fcber allen Fu\u00dfballfans sind. Wir sind uns der verschiedenen Einflussfaktoren auf die Preisgestaltung durchaus bewusst, fordern aber von allen Vereinen mehr Sensibilit\u00e4t in Sachen Eintrittspreise \u2013 auch von unserem eigenen Verein!<\/p>\n\n\n\n<p>Leider trifft es nun einen Club in der blau-gelb-wei\u00dfen Region, welcher ein solches Spiel sicher auch verdient. Allerdings halten wir es f\u00fcr notwendig, auf die immer weiter steigenden Eintrittspreise bei Spielen im Landespokal oder auch in der Regionalliga aufmerksam zu machen und diesen Schritt zu gehen, um den Verantwortlichen aufzuzeigen, dass eine Verh\u00e4ltnism\u00e4\u00dfigkeit bei den Preisen gewahrt bleiben muss. Ebenso, dass sich nicht an gr\u00f6\u00dferen Fangemeinden ein goldenes N\u00e4schen verdient werden soll.<\/p>\n\n\n\n<p>Bezogen auf die Erstrundenpartie gegen den FC Th\u00fcringen Weida ist hier zu nennen, dass die Vereine Auflagen von Beh\u00f6rden mutig hinterfragen m\u00fcssen, anstatt diese kritiklos hinzunehmen. Warum braucht es bei einem Spiel im Einzugsgebiet des FC Carl Zeiss Fantrennung? Andererseits stellen wir auch die vom FCC erhobene Vorverkaufsgeb\u00fchr von 2,-\u20ac in Frage.&nbsp;<\/p>\n\n\n\n<p>Denkt man also einen Schritt weiter, ist das Problem keinesfalls nur ein einmalig \u00fcberh\u00f6hter Preis auf einem Sportplatz im Th\u00fcringenpokal, sondern das Ergebnis einer Entwicklung, welche gestoppt werden muss, wenn der Fu\u00dfball als kulturelles Gut erhalten bleiben soll! Spiele m\u00fcssen f\u00fcr junge Menschen, f\u00fcr Familien und f\u00fcr Einkommensschwache bezahlbar sein!<\/p>\n\n\n\n<p><strong>Wir fordern daher alle Vereine auf, sich zuk\u00fcnftig um L\u00f6sungen zu bem\u00fchen, Ticketpreise nicht ins Unermessliche steigen zu lassen und durch willk\u00fcrliche Geb\u00fchren aufzubl\u00e4hen!<\/strong><\/p>\n\n\n\n<figure class=\"wp-block-image size-large\"><img loading=\"lazy\" decoding=\"async\" width=\"1024\" height=\"1024\" src=\"https:\/\/www.horda-azzuro.de\/cms\/wp-content\/uploads\/2025\/08\/Pokalflyer-25-26-1024x1024.jpg\" alt=\"\" class=\"wp-image-46068\" srcset=\"https:\/\/www.horda-azzuro.de\/cms\/wp-content\/uploads\/2025\/08\/Pokalflyer-25-26-1024x1024.jpg 1024w, https:\/\/www.horda-azzuro.de\/cms\/wp-content\/uploads\/2025\/08\/Pokalflyer-25-26-300x300.jpg 300w, https:\/\/www.horda-azzuro.de\/cms\/wp-content\/uploads\/2025\/08\/Pokalflyer-25-26-150x150.jpg 150w, https:\/\/www.horda-azzuro.de\/cms\/wp-content\/uploads\/2025\/08\/Pokalflyer-25-26-768x768.jpg 768w, https:\/\/www.horda-azzuro.de\/cms\/wp-content\/uploads\/2025\/08\/Pokalflyer-25-26-1536x1536.jpg 1536w, https:\/\/www.horda-azzuro.de\/cms\/wp-content\/uploads\/2025\/08\/Pokalflyer-25-26-2048x2048.jpg 2048w, https:\/\/www.horda-azzuro.de\/cms\/wp-content\/uploads\/2025\/08\/Pokalflyer-25-26-1870x1870.jpg 1870w, https:\/\/www.horda-azzuro.de\/cms\/wp-content\/uploads\/2025\/08\/Pokalflyer-25-26-400x400.jpg 400w, https:\/\/www.horda-azzuro.de\/cms\/wp-content\/uploads\/2025\/08\/Pokalflyer-25-26-800x800.jpg 800w\" sizes=\"auto, (max-width: 1024px) 100vw, 1024px\" \/><\/figure>\n<div class='avc_visit_counter_front_simple' style=\" width: 100%; max-width: 300px; border: 2px solid #000000; color:#000000; background-color:#ffffff; border-radius: 0px; float: left; padding: 5px\">  <\/div>","protected":false},"excerpt":{"rendered":"<p>Wenn am kommenden Samstag unser FCC in Weida gastiert, wird die S\u00dcDKURVE vor Ort sein, allerdings werden wir den \u201eRoten H\u00fcgel\u201c nicht betreten. Dies ist zur\u00fcckzuf\u00fchren auf die dortigen Eintrittspreise f\u00fcr das Landespokalspiel, die in unseren Augen ungerecht gegen\u00fcber allen Fu\u00dfballfans sind. Wir sind uns der verschiedenen Einflussfaktoren auf die Preisgestaltung durchaus bewusst, fordern aber [&hellip;]<\/p>\n","protected":false},"author":2,"featured_media":46069,"comment_status":"closed","ping_status":"closed","sticky":false,"template":"","format":"standard","meta":{"ngg_post_thumbnail":0,"footnotes":""},"categories":[1],"tags":[],"class_list":["post-46067","post","type-post","status-publish","format-standard","has-post-thumbnail","hentry","category-allgemein","has-thumbnail"],"_links":{"self":[{"href":"https:\/\/www.horda-azzuro.de\/cms\/index.php?rest_route=\/wp\/v2\/posts\/46067","targetHints":{"allow":["GET"]}}],"collection":[{"href":"https:\/\/www.horda-azzuro.de\/cms\/index.php?rest_route=\/wp\/v2\/posts"}],"about":[{"href":"https:\/\/www.horda-azzuro.de\/cms\/index.php?rest_route=\/wp\/v2\/types\/post"}],"author":[{"embeddable":true,"href":"https:\/\/www.horda-azzuro.de\/cms\/index.php?rest_route=\/wp\/v2\/users\/2"}],"replies":[{"embeddable":true,"href":"https:\/\/www.horda-azzuro.de\/cms\/index.php?rest_route=%2Fwp%2Fv2%2Fcomments&post=46067"}],"version-history":[{"count":1,"href":"https:\/\/www.horda-azzuro.de\/cms\/index.php?rest_route=\/wp\/v2\/posts\/46067\/revisions"}],"predecessor-version":[{"id":46092,"href":"https:\/\/www.horda-azzuro.de\/cms\/index.php?rest_route=\/wp\/v2\/posts\/46067\/revisions\/46092"}],"wp:featuredmedia":[{"embeddable":true,"href":"https:\/\/www.horda-azzuro.de\/cms\/index.php?rest_route=\/wp\/v2\/media\/46069"}],"wp:attachment":[{"href":"https:\/\/www.horda-azzuro.de\/cms\/index.php?rest_route=%2Fwp%2Fv2%2Fmedia&parent=46067"}],"wp:term":[{"taxonomy":"category","embeddable":true,"href":"https:\/\/www.horda-azzuro.de\/cms\/index.php?rest_route=%2Fwp%2Fv2%2Fcategories&post=46067"},{"taxonomy":"post_tag","embeddable":true,"href":"https:\/\/www.horda-azzuro.de\/cms\/index.php?rest_route=%2Fwp%2Fv2%2Ftags&post=46067"}],"curies":[{"name":"wp","href":"https:\/\/api.w.org\/{rel}","templated":true}]}}