{"id":46103,"date":"2025-08-17T22:30:19","date_gmt":"2025-08-17T20:30:19","guid":{"rendered":"https:\/\/www.horda-azzuro.de\/cms\/?p=46103"},"modified":"2025-08-17T22:30:20","modified_gmt":"2025-08-17T20:30:20","slug":"auftaktsieg-im-pokal","status":"publish","type":"post","link":"https:\/\/www.horda-azzuro.de\/cms\/?p=46103","title":{"rendered":"Auftaktsieg im Pokal!"},"content":{"rendered":"\n<p>Die Kurve verfolgte den erhofften Ausw\u00e4rtssieg im Erstrunden-Duell gegen Th\u00fcringen Weida vor den Einlasstoren. Alle Hintergr\u00fcnde dazu gern <a href=\"https:\/\/www.horda-azzuro.de\/cms\/?p=46067\">hier<\/a> nachlesen.<\/p>\n\n\n\nngg_shortcode_0_placeholder\n<div class='avc_visit_counter_front_simple' style=\" width: 100%; max-width: 300px; border: 2px solid #000000; color:#000000; background-color:#ffffff; border-radius: 0px; float: left; padding: 5px\">  <\/div>","protected":false},"excerpt":{"rendered":"<p>Die Kurve verfolgte den erhofften Ausw\u00e4rtssieg im Erstrunden-Duell gegen Th\u00fcringen Weida vor den Einlasstoren. Alle Hintergr\u00fcnde dazu gern hier nachlesen.<\/p>\n","protected":false},"author":2,"featured_media":46104,"comment_status":"closed","ping_status":"closed","sticky":false,"template":"","format":"standard","meta":{"ngg_post_thumbnail":0,"footnotes":""},"categories":[1],"tags":[],"class_list":["post-46103","post","type-post","status-publish","format-standard","has-post-thumbnail","hentry","category-allgemein","has-thumbnail"],"_links":{"self":[{"href":"https:\/\/www.horda-azzuro.de\/cms\/index.php?rest_route=\/wp\/v2\/posts\/46103","targetHints":{"allow":["GET"]}}],"collection":[{"href":"https:\/\/www.horda-azzuro.de\/cms\/index.php?rest_route=\/wp\/v2\/posts"}],"about":[{"href":"https:\/\/www.horda-azzuro.de\/cms\/index.php?rest_route=\/wp\/v2\/types\/post"}],"author":[{"embeddable":true,"href":"https:\/\/www.horda-azzuro.de\/cms\/index.php?rest_route=\/wp\/v2\/users\/2"}],"replies":[{"embeddable":true,"href":"https:\/\/www.horda-azzuro.de\/cms\/index.php?rest_route=%2Fwp%2Fv2%2Fcomments&post=46103"}],"version-history":[{"count":1,"href":"https:\/\/www.horda-azzuro.de\/cms\/index.php?rest_route=\/wp\/v2\/posts\/46103\/revisions"}],"predecessor-version":[{"id":46105,"href":"https:\/\/www.horda-azzuro.de\/cms\/index.php?rest_route=\/wp\/v2\/posts\/46103\/revisions\/46105"}],"wp:featuredmedia":[{"embeddable":true,"href":"https:\/\/www.horda-azzuro.de\/cms\/index.php?rest_route=\/wp\/v2\/media\/46104"}],"wp:attachment":[{"href":"https:\/\/www.horda-azzuro.de\/cms\/index.php?rest_route=%2Fwp%2Fv2%2Fmedia&parent=46103"}],"wp:term":[{"taxonomy":"category","embeddable":true,"href":"https:\/\/www.horda-azzuro.de\/cms\/index.php?rest_route=%2Fwp%2Fv2%2Fcategories&post=46103"},{"taxonomy":"post_tag","embeddable":true,"href":"https:\/\/www.horda-azzuro.de\/cms\/index.php?rest_route=%2Fwp%2Fv2%2Ftags&post=46103"}],"curies":[{"name":"wp","href":"https:\/\/api.w.org\/{rel}","templated":true}]}}