{"id":46196,"date":"2025-08-25T00:56:25","date_gmt":"2025-08-24T22:56:25","guid":{"rendered":"https:\/\/www.horda-azzuro.de\/cms\/?p=46196"},"modified":"2025-08-25T01:00:48","modified_gmt":"2025-08-24T23:00:48","slug":"ereignisreich-aber-torloses-duell-in-zwickau","status":"publish","type":"post","link":"https:\/\/www.horda-azzuro.de\/cms\/?p=46196","title":{"rendered":"Ereignisreiches, aber torloses Duell in Zwickau!"},"content":{"rendered":"\n<p>Es ist kein Geheimnis, dass wir uns aus verschiedenen Gr\u00fcnden viel vorgenommen haben f\u00fcr diesen Abend. Erstmals z\u00fcndete eine breiter angelegte Mobilisierung in der Anh\u00e4ngerschaft, nach zuletzt eher entt\u00e4uschenden Aktionen. \u00dcberhaupt nicht z\u00fcnden dagegen die Strafen der Verb\u00e4nde, was beide Seiten eindr\u00fccklich und vor allem gemeinsam im Rahmen des Aktionsspieltages auf den R\u00e4ngen kommunizierten und darboten. <\/p>\n\n\n\n<p>Beide Aspekte und die damit verbundene Power sorgten f\u00fcr einen starken Abend, welcher uns in etlichen Details \u00fcberzeugte und zufriedenstellte. Insofern die Erinnerungen nicht schnell verblassen, werden wir als Kurve zum einen R\u00fcckenwind und zum anderen auch unsere Erkenntnisse mitnehmen. <\/p>\n\n\n\n<p>Danke und Respekt an die Zwickauer Ultras.<\/p>\n\n\n\n<p>FUSSBALL GEH\u00d6RT DEN FANS &#8211; VEREINE, MITGLIEDER UND FANS VEREINT: <strong>VERBANDSSTRAFEN ABSCHAFFEN!<\/strong><\/p>\n\n\n\nngg_shortcode_0_placeholder\n<div class='avc_visit_counter_front_simple' style=\" width: 100%; max-width: 300px; border: 2px solid #000000; color:#000000; background-color:#ffffff; border-radius: 0px; float: left; padding: 5px\">  <\/div>","protected":false},"excerpt":{"rendered":"<p>Es ist kein Geheimnis, dass wir uns aus verschiedenen Gr\u00fcnden viel vorgenommen haben f\u00fcr diesen Abend. Erstmals z\u00fcndete eine breiter angelegte Mobilisierung in der Anh\u00e4ngerschaft, nach zuletzt eher entt\u00e4uschenden Aktionen. \u00dcberhaupt nicht z\u00fcnden dagegen die Strafen der Verb\u00e4nde, was beide Seiten eindr\u00fccklich und vor allem gemeinsam im Rahmen des Aktionsspieltages auf den R\u00e4ngen kommunizierten und [&hellip;]<\/p>\n","protected":false},"author":2,"featured_media":46197,"comment_status":"closed","ping_status":"closed","sticky":false,"template":"","format":"standard","meta":{"ngg_post_thumbnail":0,"footnotes":""},"categories":[1],"tags":[],"class_list":["post-46196","post","type-post","status-publish","format-standard","has-post-thumbnail","hentry","category-allgemein","has-thumbnail"],"_links":{"self":[{"href":"https:\/\/www.horda-azzuro.de\/cms\/index.php?rest_route=\/wp\/v2\/posts\/46196","targetHints":{"allow":["GET"]}}],"collection":[{"href":"https:\/\/www.horda-azzuro.de\/cms\/index.php?rest_route=\/wp\/v2\/posts"}],"about":[{"href":"https:\/\/www.horda-azzuro.de\/cms\/index.php?rest_route=\/wp\/v2\/types\/post"}],"author":[{"embeddable":true,"href":"https:\/\/www.horda-azzuro.de\/cms\/index.php?rest_route=\/wp\/v2\/users\/2"}],"replies":[{"embeddable":true,"href":"https:\/\/www.horda-azzuro.de\/cms\/index.php?rest_route=%2Fwp%2Fv2%2Fcomments&post=46196"}],"version-history":[{"count":2,"href":"https:\/\/www.horda-azzuro.de\/cms\/index.php?rest_route=\/wp\/v2\/posts\/46196\/revisions"}],"predecessor-version":[{"id":46199,"href":"https:\/\/www.horda-azzuro.de\/cms\/index.php?rest_route=\/wp\/v2\/posts\/46196\/revisions\/46199"}],"wp:featuredmedia":[{"embeddable":true,"href":"https:\/\/www.horda-azzuro.de\/cms\/index.php?rest_route=\/wp\/v2\/media\/46197"}],"wp:attachment":[{"href":"https:\/\/www.horda-azzuro.de\/cms\/index.php?rest_route=%2Fwp%2Fv2%2Fmedia&parent=46196"}],"wp:term":[{"taxonomy":"category","embeddable":true,"href":"https:\/\/www.horda-azzuro.de\/cms\/index.php?rest_route=%2Fwp%2Fv2%2Fcategories&post=46196"},{"taxonomy":"post_tag","embeddable":true,"href":"https:\/\/www.horda-azzuro.de\/cms\/index.php?rest_route=%2Fwp%2Fv2%2Ftags&post=46196"}],"curies":[{"name":"wp","href":"https:\/\/api.w.org\/{rel}","templated":true}]}}