{"id":46246,"date":"2025-09-04T21:46:14","date_gmt":"2025-09-04T19:46:14","guid":{"rendered":"https:\/\/www.horda-azzuro.de\/cms\/?p=46246"},"modified":"2025-09-04T21:58:43","modified_gmt":"2025-09-04T19:58:43","slug":"rueckblick-aktionsspieltage-verbandsstrafen-abschaffen","status":"publish","type":"post","link":"https:\/\/www.horda-azzuro.de\/cms\/?p=46246","title":{"rendered":"R\u00fcckblick: Aktionsspieltage VERBANDSSTRAFEN ABSCHAFFEN!"},"content":{"rendered":"\n<p>Die beiden zur\u00fcckliegenden Wochenenden standen in den deutschen Kurven ganz im Zeichen eines gemeinsamen Aktionsspieltages. Die Ost-Vernetzung ging mit einem breit ver\u00f6ffentlichten <a href=\"https:\/\/www.horda-azzuro.de\/cms\/?p=46111\">Communiqu\u00e9<\/a> in die Offensive, in unz\u00e4hligen Stadien gab es gr\u00f6\u00dfere und kleinere flankierende Aktionen zu sehen. Auch die im S\u00fcdwesten entstandene Regionalvernetzung ging mit konkreten <a href=\"https:\/\/bb95.de\/forderungen-der-initiative-verbandsstrafen-abschaffen\/\">Forderungen<\/a> an die \u00d6ffentlichkeit. Alle f\u00fcnf regionalen Netzwerke sind miteinander verbunden und agieren koordiniert f\u00fcr das gemeinsame Ziel.<\/p>\n\n\n\n<p>Auf der gemeinsamen Internetseite <a href=\"http:\/\/www.verbandsstrafen-abschaffen.de\">www.verbandsstrafen-abschaffen.de<\/a> sind bereits viele Fotos gesammelt und es ist davon auszugehen, dass die Galerie in den kommenden Tagen durch Zusendungen der Gruppen und Vereine weiter anw\u00e4chst. Auch grunds\u00e4tzlich empfehlen wir, die Seite im Blick zu haben, um im Rahmen der facettenreichen Initiative stets auf dem aktuellen Stand zu sein.<\/p>\n\n\n\n<p>Die nun begonnene Saison wird im Zeichen des Kampfes gegen die Verbandsstrafen stehen, die Kurven und immer mehr sich offiziell anschlie\u00dfende Vereine werden hierf\u00fcr Sorge tragen&#8230;<\/p>\n\n\n\n<p><strong>SCHEISSE IST DIE STRAFE &#8211; NICHT DIE FACKEL!<\/strong><\/p>\n\n\n\n<p><\/p>\n<div class='avc_visit_counter_front_simple' style=\" width: 100%; max-width: 300px; border: 2px solid #000000; color:#000000; background-color:#ffffff; border-radius: 0px; float: left; padding: 5px\">  <\/div>","protected":false},"excerpt":{"rendered":"<p>Die beiden zur\u00fcckliegenden Wochenenden standen in den deutschen Kurven ganz im Zeichen eines gemeinsamen Aktionsspieltages. Die Ost-Vernetzung ging mit einem breit ver\u00f6ffentlichten Communiqu\u00e9 in die Offensive, in unz\u00e4hligen Stadien gab es gr\u00f6\u00dfere und kleinere flankierende Aktionen zu sehen. Auch die im S\u00fcdwesten entstandene Regionalvernetzung ging mit konkreten Forderungen an die \u00d6ffentlichkeit. Alle f\u00fcnf regionalen Netzwerke [&hellip;]<\/p>\n","protected":false},"author":2,"featured_media":46247,"comment_status":"closed","ping_status":"closed","sticky":false,"template":"","format":"standard","meta":{"ngg_post_thumbnail":0,"footnotes":""},"categories":[1],"tags":[],"class_list":["post-46246","post","type-post","status-publish","format-standard","has-post-thumbnail","hentry","category-allgemein","has-thumbnail"],"_links":{"self":[{"href":"https:\/\/www.horda-azzuro.de\/cms\/index.php?rest_route=\/wp\/v2\/posts\/46246","targetHints":{"allow":["GET"]}}],"collection":[{"href":"https:\/\/www.horda-azzuro.de\/cms\/index.php?rest_route=\/wp\/v2\/posts"}],"about":[{"href":"https:\/\/www.horda-azzuro.de\/cms\/index.php?rest_route=\/wp\/v2\/types\/post"}],"author":[{"embeddable":true,"href":"https:\/\/www.horda-azzuro.de\/cms\/index.php?rest_route=\/wp\/v2\/users\/2"}],"replies":[{"embeddable":true,"href":"https:\/\/www.horda-azzuro.de\/cms\/index.php?rest_route=%2Fwp%2Fv2%2Fcomments&post=46246"}],"version-history":[{"count":3,"href":"https:\/\/www.horda-azzuro.de\/cms\/index.php?rest_route=\/wp\/v2\/posts\/46246\/revisions"}],"predecessor-version":[{"id":46251,"href":"https:\/\/www.horda-azzuro.de\/cms\/index.php?rest_route=\/wp\/v2\/posts\/46246\/revisions\/46251"}],"wp:featuredmedia":[{"embeddable":true,"href":"https:\/\/www.horda-azzuro.de\/cms\/index.php?rest_route=\/wp\/v2\/media\/46247"}],"wp:attachment":[{"href":"https:\/\/www.horda-azzuro.de\/cms\/index.php?rest_route=%2Fwp%2Fv2%2Fmedia&parent=46246"}],"wp:term":[{"taxonomy":"category","embeddable":true,"href":"https:\/\/www.horda-azzuro.de\/cms\/index.php?rest_route=%2Fwp%2Fv2%2Fcategories&post=46246"},{"taxonomy":"post_tag","embeddable":true,"href":"https:\/\/www.horda-azzuro.de\/cms\/index.php?rest_route=%2Fwp%2Fv2%2Ftags&post=46246"}],"curies":[{"name":"wp","href":"https:\/\/api.w.org\/{rel}","templated":true}]}}