{"id":46356,"date":"2025-09-10T00:16:08","date_gmt":"2025-09-09T22:16:08","guid":{"rendered":"https:\/\/www.horda-azzuro.de\/cms\/?p=46356"},"modified":"2025-09-10T00:17:29","modified_gmt":"2025-09-09T22:17:29","slug":"greiz-ist-blaugelbweiss","status":"publish","type":"post","link":"https:\/\/www.horda-azzuro.de\/cms\/?p=46356","title":{"rendered":"Greiz ist blaugelbwei\u00df!"},"content":{"rendered":"\n<p>Auch Pokal-Runde zwei ist erfolgreich bew\u00e4ltigt und abermals ging es daf\u00fcr in den Landkreis Greiz. Nach den negativen Erfahrungen zum Auftakt im nahen Weida sp\u00fcrten alle, dass sich etwas geregt hat und die K\u00f6pfe des 1. FC Greiz verstanden haben, wie Absprachen fr\u00fchzeitig, ehrlich und auf Augenh\u00f6he laufen k\u00f6nnen. Das Ergebnis zeigte sich dann am Spieltag im Rahmen einer entspannten und sicherheitstechnisch keinesfalls aufdiktiert-\u00fcberladenen Grundatmosph\u00e4re. Wenn man so will, eine Blaupause f\u00fcr alle zuk\u00fcnftigen Pokalspiele in den blaugelbwei\u00dfen Regionen. <\/p>\n\n\n\n<p>Der Regionsgruppe GRZ geb\u00fchrt ein Dank der Kurve f\u00fcr die Vorbereitungen. Definitiv kein ruhiges Hinterland&#8230;<\/p>\n\n\n\nngg_shortcode_0_placeholder\n<div class='avc_visit_counter_front_simple' style=\" width: 100%; max-width: 300px; border: 2px solid #000000; color:#000000; background-color:#ffffff; border-radius: 0px; float: left; padding: 5px\">  <\/div>","protected":false},"excerpt":{"rendered":"<p>Auch Pokal-Runde zwei ist erfolgreich bew\u00e4ltigt und abermals ging es daf\u00fcr in den Landkreis Greiz. Nach den negativen Erfahrungen zum Auftakt im nahen Weida sp\u00fcrten alle, dass sich etwas geregt hat und die K\u00f6pfe des 1. FC Greiz verstanden haben, wie Absprachen fr\u00fchzeitig, ehrlich und auf Augenh\u00f6he laufen k\u00f6nnen. Das Ergebnis zeigte sich dann am [&hellip;]<\/p>\n","protected":false},"author":2,"featured_media":46357,"comment_status":"closed","ping_status":"closed","sticky":false,"template":"","format":"standard","meta":{"ngg_post_thumbnail":0,"footnotes":""},"categories":[1],"tags":[],"class_list":["post-46356","post","type-post","status-publish","format-standard","has-post-thumbnail","hentry","category-allgemein","has-thumbnail"],"_links":{"self":[{"href":"https:\/\/www.horda-azzuro.de\/cms\/index.php?rest_route=\/wp\/v2\/posts\/46356","targetHints":{"allow":["GET"]}}],"collection":[{"href":"https:\/\/www.horda-azzuro.de\/cms\/index.php?rest_route=\/wp\/v2\/posts"}],"about":[{"href":"https:\/\/www.horda-azzuro.de\/cms\/index.php?rest_route=\/wp\/v2\/types\/post"}],"author":[{"embeddable":true,"href":"https:\/\/www.horda-azzuro.de\/cms\/index.php?rest_route=\/wp\/v2\/users\/2"}],"replies":[{"embeddable":true,"href":"https:\/\/www.horda-azzuro.de\/cms\/index.php?rest_route=%2Fwp%2Fv2%2Fcomments&post=46356"}],"version-history":[{"count":2,"href":"https:\/\/www.horda-azzuro.de\/cms\/index.php?rest_route=\/wp\/v2\/posts\/46356\/revisions"}],"predecessor-version":[{"id":46360,"href":"https:\/\/www.horda-azzuro.de\/cms\/index.php?rest_route=\/wp\/v2\/posts\/46356\/revisions\/46360"}],"wp:featuredmedia":[{"embeddable":true,"href":"https:\/\/www.horda-azzuro.de\/cms\/index.php?rest_route=\/wp\/v2\/media\/46357"}],"wp:attachment":[{"href":"https:\/\/www.horda-azzuro.de\/cms\/index.php?rest_route=%2Fwp%2Fv2%2Fmedia&parent=46356"}],"wp:term":[{"taxonomy":"category","embeddable":true,"href":"https:\/\/www.horda-azzuro.de\/cms\/index.php?rest_route=%2Fwp%2Fv2%2Fcategories&post=46356"},{"taxonomy":"post_tag","embeddable":true,"href":"https:\/\/www.horda-azzuro.de\/cms\/index.php?rest_route=%2Fwp%2Fv2%2Ftags&post=46356"}],"curies":[{"name":"wp","href":"https:\/\/api.w.org\/{rel}","templated":true}]}}