{"id":46727,"date":"2025-10-21T23:16:12","date_gmt":"2025-10-21T21:16:12","guid":{"rendered":"https:\/\/www.horda-azzuro.de\/cms\/?p=46727"},"modified":"2025-10-21T23:34:28","modified_gmt":"2025-10-21T21:34:28","slug":"auch-die-preussen-halten-uns-nicht-auf","status":"publish","type":"post","link":"https:\/\/www.horda-azzuro.de\/cms\/?p=46727","title":{"rendered":"24 Jahre HA &#8211; auch die Preussen halten uns nicht auf!"},"content":{"rendered":"\n<p>Die Punkte bleiben auch zum 24. Geburtstag der Horda Azzuro gegen die n\u00e4chste aufstrebende Sternschnuppe am Berliner Fu\u00dfballhimmel in Jena. Ein intensiver Abend f\u00fcr die Kurve: In Gedanken bei Ivo, laut(er) f\u00fcr die Ausgesperrten und mit der Faust gen Himmel gegen die Feinde unseres Clubs und unserer Kurve. <\/p>\n\n\n\n<p><strong>IVO F\u00dcR IMMER &#8211; ULTRAS STERBEN NIE!<\/strong><\/p>\n\n\n\nngg_shortcode_0_placeholder\n<div class='avc_visit_counter_front_simple' style=\" width: 100%; max-width: 300px; border: 2px solid #000000; color:#000000; background-color:#ffffff; border-radius: 0px; float: left; padding: 5px\">  <\/div>","protected":false},"excerpt":{"rendered":"<p>Die Punkte bleiben auch zum 24. Geburtstag der Horda Azzuro gegen die n\u00e4chste aufstrebende Sternschnuppe am Berliner Fu\u00dfballhimmel in Jena. Ein intensiver Abend f\u00fcr die Kurve: In Gedanken bei Ivo, laut(er) f\u00fcr die Ausgesperrten und mit der Faust gen Himmel gegen die Feinde unseres Clubs und unserer Kurve. IVO F\u00dcR IMMER &#8211; ULTRAS STERBEN NIE!<\/p>\n","protected":false},"author":2,"featured_media":46728,"comment_status":"closed","ping_status":"closed","sticky":false,"template":"","format":"standard","meta":{"ngg_post_thumbnail":0,"footnotes":""},"categories":[1],"tags":[],"class_list":["post-46727","post","type-post","status-publish","format-standard","has-post-thumbnail","hentry","category-allgemein","has-thumbnail"],"_links":{"self":[{"href":"https:\/\/www.horda-azzuro.de\/cms\/index.php?rest_route=\/wp\/v2\/posts\/46727","targetHints":{"allow":["GET"]}}],"collection":[{"href":"https:\/\/www.horda-azzuro.de\/cms\/index.php?rest_route=\/wp\/v2\/posts"}],"about":[{"href":"https:\/\/www.horda-azzuro.de\/cms\/index.php?rest_route=\/wp\/v2\/types\/post"}],"author":[{"embeddable":true,"href":"https:\/\/www.horda-azzuro.de\/cms\/index.php?rest_route=\/wp\/v2\/users\/2"}],"replies":[{"embeddable":true,"href":"https:\/\/www.horda-azzuro.de\/cms\/index.php?rest_route=%2Fwp%2Fv2%2Fcomments&post=46727"}],"version-history":[{"count":3,"href":"https:\/\/www.horda-azzuro.de\/cms\/index.php?rest_route=\/wp\/v2\/posts\/46727\/revisions"}],"predecessor-version":[{"id":46733,"href":"https:\/\/www.horda-azzuro.de\/cms\/index.php?rest_route=\/wp\/v2\/posts\/46727\/revisions\/46733"}],"wp:featuredmedia":[{"embeddable":true,"href":"https:\/\/www.horda-azzuro.de\/cms\/index.php?rest_route=\/wp\/v2\/media\/46728"}],"wp:attachment":[{"href":"https:\/\/www.horda-azzuro.de\/cms\/index.php?rest_route=%2Fwp%2Fv2%2Fmedia&parent=46727"}],"wp:term":[{"taxonomy":"category","embeddable":true,"href":"https:\/\/www.horda-azzuro.de\/cms\/index.php?rest_route=%2Fwp%2Fv2%2Fcategories&post=46727"},{"taxonomy":"post_tag","embeddable":true,"href":"https:\/\/www.horda-azzuro.de\/cms\/index.php?rest_route=%2Fwp%2Fv2%2Ftags&post=46727"}],"curies":[{"name":"wp","href":"https:\/\/api.w.org\/{rel}","templated":true}]}}