{"id":47329,"date":"2026-02-16T00:14:11","date_gmt":"2026-02-15T23:14:11","guid":{"rendered":"https:\/\/www.horda-azzuro.de\/cms\/?p=47329"},"modified":"2026-02-16T00:14:11","modified_gmt":"2026-02-15T23:14:11","slug":"blau-gelb-weisse-weihnachten-2025-ein-resuemee","status":"publish","type":"post","link":"https:\/\/www.horda-azzuro.de\/cms\/?p=47329","title":{"rendered":"BLAU-GELB-WEISSE WEIHNACHTEN 2025 \u2013 EIN RES\u00dcMEE"},"content":{"rendered":"\n<p>Wie auch schon im vergangenen Jahr stand bei der sechsten Auflage der Blau-Gelb-Wei\u00dfen Weihnachten die direkte Unterst\u00fctzung von Einrichtungen und sozialen Projekten im Vordergrund unserer karitativen Spendenaktion. Wir wollen gezielt Dinge erm\u00f6glichen, f\u00fcr die im Alltag kein Geld vorhanden ist. Auch ist es uns seit Beginn an wichtig, nicht nur in Jena, sondern in der gesamten blau-gelb-wei\u00dfen Region aktiv zu werden.<\/p>\n\n\n\n<p>Die Zusammenarbeit innerhalb der Fanszene und vor allem auch der Kontakt mit den verschiedenen Projekten und den vielen engagierten Menschen, bereichert die Vorweihnachtszeit jedes Jahr auf\u2019s Neue und motiviert uns Jahr f\u00fcr Jahr, dranzubleiben. Die Bedarfe waren wieder sehr unterschiedlich: Von Tierbedarf \u00fcber Tischtennisplatten bis hin zu Schokoweihnachtsm\u00e4nnern konnten wir eine gro\u00dfe Potpourri bedienen. Auch wenn noch nicht alle Bestellungen eingetroffen und \u00fcbergeben worden, m\u00f6chten wir einen kleinen R\u00fcckblick geben:<\/p>\n\n\n\n<p>Ab Mitte November sammelten wir auf vielen Wegen Spenden: Beim Heimspiel gegen den HFC f\u00fchrten wir vor dem Spiel eine Spendensammlung im ganzen Stadion durch. Zwei Wochen sp\u00e4ter veranstalteten wir vor dem Heimspiel gegen Babelsberg zum ersten Mal einen kleinen Weihnachtsmarkt mit Hei\u00dfgetr\u00e4nken, allerhand Leckereien und verschiedenen kreativen Angeboten rund um das Fanhaus. Der Weihnachtsmarkt erfreute sich gro\u00dfer Beliebtheit bei allen Teilen der FCC-Fanszene und soll in der n\u00e4chsten Runde auf jeden Fall wiederholt werden. Die Regionsgruppe GRZ war auf dem Weihnachtsmarkt in Weida pr\u00e4sent und organisierte dort einen eigenen Gl\u00fchweinstand. Daneben trugen auch Onlinespenden ihren Teil zum Gesamtbeitrag bei.<\/p>\n\n\n\n<p>In diesem Zuge gilt ein gro\u00dfer Dank den FCC-Fans, insbesondere auch den SK-Ratsgruppen und Regionsgruppen der S\u00fcdkurve, f\u00fcr ihre Unterst\u00fctzung. Danken m\u00f6chten wir auch Decathlon, den Casual Trottoir Sp\u00e4tis, der EDV-Beratung Olaf Nagel und dem FC Carl Zeiss Jena f\u00fcr die Unterst\u00fctzung unserer Spendenaktion. Insgesamt konnten wir die beachtliche Spendensumme von 16.325,46\u20ac einsammeln und damit folgende Projekte unterst\u00fctzen:<\/p>\n\n\n\n<p><em>Kinder- und Jugendheim Naumburg<br>Grundschule Friedrich-Ludwig-Jahn Freyburg<br>Pfotenrettung \u201cDark Angel\u201d e.V. Weida<br>viel Farbe im Grau e.V. Greiz<br>Jugendhaus Shalom Gera<br>T\u00e4lerspatzen Ottendorf<br>Kindergarten \u201cHaus Sonnenschein\u201d Stadtroda<br>VfR Bad Lobenstein e.V.<br>Tafel Eisenberg<br>Tafel Saalfeld-Rudolstadt<br>Die Seelentr\u00f6ster &#8211; Tiere helfen Menschen e.V. Altenberga<br>Purzelbude e.V. Kahla<br>Kinderheim Lichtenau, Neustadt a.d. Orla<br>Tierheim Eisenberg<br>Tierheim Jena<br>Tierheim Schleiz<br>Tierheim Pflanzwirbach<br>Kindervilla \u201cPaul Hildebrandt\u201d Wernshausen<br>Kindervilla AWO Jugendhilfeverband Westth\u00fcringen<br>Kinderfreizeitzentrum \u201cLindwurm\u201d Apolda<br>Jugendclub \u201cStudioclub\u201d Apolda<br>Sozialraumteams Mitte\/S\u00fcd, Sch\u00f6ndorf\/Nord und West Weimar<\/em><\/p>\n\n\n\n<p><strong>FCC-Fans helfen &#8211; Die S\u00fcdkurve geht voran!<\/strong><\/p>\n\n\n\nngg_shortcode_0_placeholder\n<div class='avc_visit_counter_front_simple' style=\" width: 100%; max-width: 300px; border: 2px solid #000000; color:#000000; background-color:#ffffff; border-radius: 0px; float: left; padding: 5px\">  <\/div>","protected":false},"excerpt":{"rendered":"<p>Wie auch schon im vergangenen Jahr stand bei der sechsten Auflage der Blau-Gelb-Wei\u00dfen Weihnachten die direkte Unterst\u00fctzung von Einrichtungen und sozialen Projekten im Vordergrund unserer karitativen Spendenaktion. Wir wollen gezielt Dinge erm\u00f6glichen, f\u00fcr die im Alltag kein Geld vorhanden ist. Auch ist es uns seit Beginn an wichtig, nicht nur in Jena, sondern in der [&hellip;]<\/p>\n","protected":false},"author":2,"featured_media":47330,"comment_status":"closed","ping_status":"closed","sticky":false,"template":"","format":"standard","meta":{"ngg_post_thumbnail":0,"footnotes":""},"categories":[1],"tags":[],"class_list":["post-47329","post","type-post","status-publish","format-standard","has-post-thumbnail","hentry","category-allgemein","has-thumbnail"],"_links":{"self":[{"href":"https:\/\/www.horda-azzuro.de\/cms\/index.php?rest_route=\/wp\/v2\/posts\/47329","targetHints":{"allow":["GET"]}}],"collection":[{"href":"https:\/\/www.horda-azzuro.de\/cms\/index.php?rest_route=\/wp\/v2\/posts"}],"about":[{"href":"https:\/\/www.horda-azzuro.de\/cms\/index.php?rest_route=\/wp\/v2\/types\/post"}],"author":[{"embeddable":true,"href":"https:\/\/www.horda-azzuro.de\/cms\/index.php?rest_route=\/wp\/v2\/users\/2"}],"replies":[{"embeddable":true,"href":"https:\/\/www.horda-azzuro.de\/cms\/index.php?rest_route=%2Fwp%2Fv2%2Fcomments&post=47329"}],"version-history":[{"count":2,"href":"https:\/\/www.horda-azzuro.de\/cms\/index.php?rest_route=\/wp\/v2\/posts\/47329\/revisions"}],"predecessor-version":[{"id":47346,"href":"https:\/\/www.horda-azzuro.de\/cms\/index.php?rest_route=\/wp\/v2\/posts\/47329\/revisions\/47346"}],"wp:featuredmedia":[{"embeddable":true,"href":"https:\/\/www.horda-azzuro.de\/cms\/index.php?rest_route=\/wp\/v2\/media\/47330"}],"wp:attachment":[{"href":"https:\/\/www.horda-azzuro.de\/cms\/index.php?rest_route=%2Fwp%2Fv2%2Fmedia&parent=47329"}],"wp:term":[{"taxonomy":"category","embeddable":true,"href":"https:\/\/www.horda-azzuro.de\/cms\/index.php?rest_route=%2Fwp%2Fv2%2Fcategories&post=47329"},{"taxonomy":"post_tag","embeddable":true,"href":"https:\/\/www.horda-azzuro.de\/cms\/index.php?rest_route=%2Fwp%2Fv2%2Ftags&post=47329"}],"curies":[{"name":"wp","href":"https:\/\/api.w.org\/{rel}","templated":true}]}}