{"id":47416,"date":"2026-03-01T01:33:05","date_gmt":"2026-03-01T00:33:05","guid":{"rendered":"https:\/\/www.horda-azzuro.de\/cms\/?p=47416"},"modified":"2026-03-01T01:33:06","modified_gmt":"2026-03-01T00:33:06","slug":"alle-gegen-den-hsv-ins-eas","status":"publish","type":"post","link":"https:\/\/www.horda-azzuro.de\/cms\/?p=47416","title":{"rendered":"ALLE GEGEN DEN HSV INS EAS!"},"content":{"rendered":"\n<p>Am 15. M\u00e4rz gastiert mit dem Hamburger SV mal wieder ein gro\u00dfer Name im Ernst-Abbe-Sportfeld. Gastgeber wird jedoch nicht unsere M\u00e4nnermannschaft sein, sondern das Frauenteam unseres Vereines.<\/p>\n\n\n\n<p>\u00dcber die offiziellen Kan\u00e4le des Vereines wird aktuell m\u00e4chtig die Werbetrommel ger\u00fchrt und das EAS soll an diesem Tag besonders voll gemacht werden. Hintergrund ist unter anderem der Kampf um den Klassenerhalt, welcher wiederum f\u00fcr den Gesamtverein von gro\u00dfer Bedeutung ist.<\/p>\n\n\n\n<p>Bislang haben wir uns bei den blau-gelb-wei\u00dfen Damen zur\u00fcckgehalten, allerdings finden wir nun, dass es an der Zeit ist, ihnen als Bestandteil des Clubs auch die verdiente Aufmerksamkeit zu schenken. F\u00fcr die Arbeit und den Einsatz, welche auch dort tagt\u00e4glich bewiesen und im FCC-Kosmos gern \u00fcbersehen werden.<\/p>\n\n\n\n<p>Wir rufen hiermit alle Zeissfans auf, das Spiel am 15.03. zu besuchen und hinter unseren Frauen zu stehen. Wir werden als S\u00dcDKURVE nicht dort auftreten wie gewohnt, daf\u00fcr gab es bislang schlicht zu wenig Ber\u00fchrungspunkte. An dieser Tatsache muss sich auch nicht zwingend etwas \u00e4ndern, allerdings halten auch wir es f\u00fcr sinnvoll, allen Teams des FC Carl Zeiss Jena einmal Beachtung zu schenken. Anlaufstelle f\u00fcr die Kurve wird Block E sein.<\/p>\n\n\n\n<ol start=\"15\" class=\"wp-block-list\">\n<li>M\u00c4RZ &#8211; F\u00dcR DEN KLASSENERHALT!<\/li>\n<\/ol>\n\n\n\n<p><\/p>\n<div class='avc_visit_counter_front_simple' style=\" width: 100%; max-width: 300px; border: 2px solid #000000; color:#000000; background-color:#ffffff; border-radius: 0px; float: left; padding: 5px\">  <\/div>","protected":false},"excerpt":{"rendered":"<p>Am 15. M\u00e4rz gastiert mit dem Hamburger SV mal wieder ein gro\u00dfer Name im Ernst-Abbe-Sportfeld. Gastgeber wird jedoch nicht unsere M\u00e4nnermannschaft sein, sondern das Frauenteam unseres Vereines. \u00dcber die offiziellen Kan\u00e4le des Vereines wird aktuell m\u00e4chtig die Werbetrommel ger\u00fchrt und das EAS soll an diesem Tag besonders voll gemacht werden. Hintergrund ist unter anderem der [&hellip;]<\/p>\n","protected":false},"author":2,"featured_media":47417,"comment_status":"closed","ping_status":"closed","sticky":false,"template":"","format":"standard","meta":{"ngg_post_thumbnail":0,"footnotes":""},"categories":[1],"tags":[],"class_list":["post-47416","post","type-post","status-publish","format-standard","has-post-thumbnail","hentry","category-allgemein","has-thumbnail"],"_links":{"self":[{"href":"https:\/\/www.horda-azzuro.de\/cms\/index.php?rest_route=\/wp\/v2\/posts\/47416","targetHints":{"allow":["GET"]}}],"collection":[{"href":"https:\/\/www.horda-azzuro.de\/cms\/index.php?rest_route=\/wp\/v2\/posts"}],"about":[{"href":"https:\/\/www.horda-azzuro.de\/cms\/index.php?rest_route=\/wp\/v2\/types\/post"}],"author":[{"embeddable":true,"href":"https:\/\/www.horda-azzuro.de\/cms\/index.php?rest_route=\/wp\/v2\/users\/2"}],"replies":[{"embeddable":true,"href":"https:\/\/www.horda-azzuro.de\/cms\/index.php?rest_route=%2Fwp%2Fv2%2Fcomments&post=47416"}],"version-history":[{"count":1,"href":"https:\/\/www.horda-azzuro.de\/cms\/index.php?rest_route=\/wp\/v2\/posts\/47416\/revisions"}],"predecessor-version":[{"id":47418,"href":"https:\/\/www.horda-azzuro.de\/cms\/index.php?rest_route=\/wp\/v2\/posts\/47416\/revisions\/47418"}],"wp:featuredmedia":[{"embeddable":true,"href":"https:\/\/www.horda-azzuro.de\/cms\/index.php?rest_route=\/wp\/v2\/media\/47417"}],"wp:attachment":[{"href":"https:\/\/www.horda-azzuro.de\/cms\/index.php?rest_route=%2Fwp%2Fv2%2Fmedia&parent=47416"}],"wp:term":[{"taxonomy":"category","embeddable":true,"href":"https:\/\/www.horda-azzuro.de\/cms\/index.php?rest_route=%2Fwp%2Fv2%2Fcategories&post=47416"},{"taxonomy":"post_tag","embeddable":true,"href":"https:\/\/www.horda-azzuro.de\/cms\/index.php?rest_route=%2Fwp%2Fv2%2Ftags&post=47416"}],"curies":[{"name":"wp","href":"https:\/\/api.w.org\/{rel}","templated":true}]}}